{"id":4853,"date":"2016-07-21T18:33:48","date_gmt":"2016-07-21T21:33:48","guid":{"rendered":"https:\/\/blogs.correiobraziliense.com.br\/cbpoder\/?p=4853"},"modified":"2016-07-21T18:35:32","modified_gmt":"2016-07-21T21:35:32","slug":"cristovam-buarque-em-encontro-sos-com-dilma-rousseff","status":"publish","type":"post","link":"https:\/\/blogs.correiobraziliense.com.br\/cbpoder\/cristovam-buarque-em-encontro-sos-com-dilma-rousseff\/","title":{"rendered":"Cristovam tem encontro a s\u00f3s com Dilma Rousseff"},"content":{"rendered":"<p>Em uma noite, no Pal\u00e1cio da Alvorada, h\u00e1 um m\u00eas, Cristovam Buarque (PPS-DF) teve o primeiro encontro a s\u00f3s com Dilma Rousseff de sua vida. Enquanto a presidente tomava vinho e o senador degustava doses de u\u00edsque, a conversa fluiu com entrosamento. Os dois discutiram a crise das esquerdas e trocaram impress\u00f5es sobre literatura e o perfil de l\u00edderes mundiais, como Angela Merkel, Barack Obama e Fran\u00e7ois Hollande. Ela contou at\u00e9 hist\u00f3rias do pai, o imigrante b\u00falgaro Pedro Rousseff. Em mais de uma hora de t\u00eate-\u00e0-t\u00eate, o assunto mais espinhoso do momento n\u00e3o surgiu nenhuma vez. Dilma n\u00e3o pediu o voto de Cristovam contra o processo de impeachment, que ser\u00e1 julgado no fim de agosto. Nem precisou. A mensagem, claro, era subliminar. Cristovam nunca tinha conversado com Dilma assim. Nem sobre quest\u00f5es pol\u00edticas, mesmo quando ambos eram colegas de minist\u00e9rio no primeiro mandato de Lula. Agora, quando precisa de votos para barrar a cassa\u00e7\u00e3o, surgiu o interesse da aproxima\u00e7\u00e3o.<\/p>\n<p>&nbsp;<\/p>\n<p><strong>Cartas<\/strong><br \/>\nNo encontro com Cristovam, a presidente Dilma Rousseff n\u00e3o se referiu \u00e0s cartas, sem resposta, que recebeu do senador Cristovam Buarque, quando estava no poder. Mas as deixou bem vis\u00edveis, numa cadeira.<\/p>\n<p>&nbsp;<\/p>\n<p><strong>Mais conversas<\/strong><br \/>\nDepois da conversa a dois com a presidente Dilma, Cristovam esteve outras duas vezes no Pal\u00e1cio da Alvorada. Nessas outras ocasi\u00f5es, a \u00faltima h\u00e1 15 dias, ele estava acompanhado de outros senadores, como Roberto Requi\u00e3o (PMDB-PR), Jo\u00e3o Capiberibe (PSB-AP), Randolfe Rodrigues (Rede-AP), Elmano F\u00e9rrer (PTB-PI) e Lidice da Mata (PSB-BA), que votaram contra a admissibilidade do processo de impeachment. O tom da conversa foi mais pol\u00edtico.<\/p>\n<p>&nbsp;<\/p>\n<p><strong>Miss simpatia<\/strong><br \/>\nCristovam Buarque parece ter ficado encantado com as conversas com Dilma Rousseff. Ele diz, no entanto, que isso n\u00e3o vai interferir em seu julgamento sobre o impeachment. \u201cN\u00e3o nego que essas reuni\u00f5es me trouxeram uma simpatia pela presidente Dilma. Mas uma coisa \u00e9 a simpatia. Outra coisa \u00e9 a op\u00e7\u00e3o pol\u00edtica\u201d, explica.<\/p>\n","protected":false},"excerpt":{"rendered":"<p>Em uma noite, no Pal\u00e1cio da Alvorada, h\u00e1 um m\u00eas, Cristovam Buarque (PPS-DF) teve o primeiro encontro a s\u00f3s com Dilma Rousseff de sua vida. Enquanto a presidente tomava vinho e o senador degustava doses de u\u00edsque, a conversa fluiu com entrosamento. Os dois discutiram a crise das esquerdas e trocaram impress\u00f5es sobre literatura e o perfil de l\u00edderes mundiais, [&hellip;]<\/p>\n","protected":false},"author":9,"featured_media":4854,"comment_status":"open","ping_status":"closed","sticky":false,"template":"","format":"standard","meta":{"footnotes":""},"categories":[234],"tags":[],"class_list":["post-4853","post","type-post","status-publish","format-standard","has-post-thumbnail","hentry","category-cb-poder"],"_links":{"self":[{"href":"https:\/\/blogs.correiobraziliense.com.br\/cbpoder\/wp-json\/wp\/v2\/posts\/4853","targetHints":{"allow":["GET"]}}],"collection":[{"href":"https:\/\/blogs.correiobraziliense.com.br\/cbpoder\/wp-json\/wp\/v2\/posts"}],"about":[{"href":"https:\/\/blogs.correiobraziliense.com.br\/cbpoder\/wp-json\/wp\/v2\/types\/post"}],"author":[{"embeddable":true,"href":"https:\/\/blogs.correiobraziliense.com.br\/cbpoder\/wp-json\/wp\/v2\/users\/9"}],"replies":[{"embeddable":true,"href":"https:\/\/blogs.correiobraziliense.com.br\/cbpoder\/wp-json\/wp\/v2\/comments?post=4853"}],"version-history":[{"count":4,"href":"https:\/\/blogs.correiobraziliense.com.br\/cbpoder\/wp-json\/wp\/v2\/posts\/4853\/revisions"}],"predecessor-version":[{"id":4858,"href":"https:\/\/blogs.correiobraziliense.com.br\/cbpoder\/wp-json\/wp\/v2\/posts\/4853\/revisions\/4858"}],"wp:featuredmedia":[{"embeddable":true,"href":"https:\/\/blogs.correiobraziliense.com.br\/cbpoder\/wp-json\/wp\/v2\/media\/4854"}],"wp:attachment":[{"href":"https:\/\/blogs.correiobraziliense.com.br\/cbpoder\/wp-json\/wp\/v2\/media?parent=4853"}],"wp:term":[{"taxonomy":"category","embeddable":true,"href":"https:\/\/blogs.correiobraziliense.com.br\/cbpoder\/wp-json\/wp\/v2\/categories?post=4853"},{"taxonomy":"post_tag","embeddable":true,"href":"https:\/\/blogs.correiobraziliense.com.br\/cbpoder\/wp-json\/wp\/v2\/tags?post=4853"}],"curies":[{"name":"wp","href":"https:\/\/api.w.org\/{rel}","templated":true}]}}