{"id":4801,"date":"2016-07-19T10:56:27","date_gmt":"2016-07-19T13:56:27","guid":{"rendered":"https:\/\/blogs.correiobraziliense.com.br\/cbpoder\/?p=4801"},"modified":"2016-07-19T10:56:27","modified_gmt":"2016-07-19T13:56:27","slug":"na-crise-rollemberg-lamenta-escolhas-de-aliados-politicos","status":"publish","type":"post","link":"https:\/\/blogs.correiobraziliense.com.br\/cbpoder\/na-crise-rollemberg-lamenta-escolhas-de-aliados-politicos\/","title":{"rendered":"Na crise, Rollemberg lamenta escolhas de aliados pol\u00edticos"},"content":{"rendered":"<p>Em meio \u00e0\u00a0crise na \u00e1rea de sa\u00fade, Rodrigo Rollemberg amarga as escolhas de aliados pol\u00edticos. No fim de semana, ele reclamou muito do vice-governador Renato Santana (PSD), indicado para compor a chapa pelo deputado Rog\u00e9rio Rosso. O governador estava indignado pelo tom da conversa, que veio a p\u00fablico, entre de Santana com a presidente do SindSa\u00fade, Marli Rodrigues, sobre supostas cobran\u00e7as de propina na Secretaria de Fazenda para libera\u00e7\u00e3o de contratos de sa\u00fade. N\u00e3o bastasse a postura do seu n\u00famero dois, Celina Le\u00e3o (PPS), a quem apoiou na elei\u00e7\u00e3o da presid\u00eancia da C\u00e2mara Legislativa, com a convoca\u00e7\u00e3o extraordin\u00e1ria dos distritais, poder\u00e1 desgastar o governo justamente no momento em que Rollemberg se prepara para a largada em nova fase, com lan\u00e7amentos de obras e divulga\u00e7\u00e3o de realiza\u00e7\u00f5es.<\/p>\n<p>&nbsp;<\/p>\n<p>&nbsp;<\/p>\n<p><strong>Apoio duplo<\/strong><\/p>\n<p>Em meio \u00e0 briga entre Rodrigo Rollemberg e Renato Santana, o PSD, partido do vice-governador, divulgou nota em que reafirma confian\u00e7a nos dois.<\/p>\n","protected":false},"excerpt":{"rendered":"<p>Em meio \u00e0\u00a0crise na \u00e1rea de sa\u00fade, Rodrigo Rollemberg amarga as escolhas de aliados pol\u00edticos. No fim de semana, ele reclamou muito do vice-governador Renato Santana (PSD), indicado para compor a chapa pelo deputado Rog\u00e9rio Rosso. O governador estava indignado pelo tom da conversa, que veio a p\u00fablico, entre de Santana com a presidente do SindSa\u00fade, Marli Rodrigues, sobre supostas [&hellip;]<\/p>\n","protected":false},"author":9,"featured_media":4802,"comment_status":"open","ping_status":"closed","sticky":false,"template":"","format":"standard","meta":{"footnotes":""},"categories":[234],"tags":[],"class_list":["post-4801","post","type-post","status-publish","format-standard","has-post-thumbnail","hentry","category-cb-poder"],"_links":{"self":[{"href":"https:\/\/blogs.correiobraziliense.com.br\/cbpoder\/wp-json\/wp\/v2\/posts\/4801","targetHints":{"allow":["GET"]}}],"collection":[{"href":"https:\/\/blogs.correiobraziliense.com.br\/cbpoder\/wp-json\/wp\/v2\/posts"}],"about":[{"href":"https:\/\/blogs.correiobraziliense.com.br\/cbpoder\/wp-json\/wp\/v2\/types\/post"}],"author":[{"embeddable":true,"href":"https:\/\/blogs.correiobraziliense.com.br\/cbpoder\/wp-json\/wp\/v2\/users\/9"}],"replies":[{"embeddable":true,"href":"https:\/\/blogs.correiobraziliense.com.br\/cbpoder\/wp-json\/wp\/v2\/comments?post=4801"}],"version-history":[{"count":1,"href":"https:\/\/blogs.correiobraziliense.com.br\/cbpoder\/wp-json\/wp\/v2\/posts\/4801\/revisions"}],"predecessor-version":[{"id":4803,"href":"https:\/\/blogs.correiobraziliense.com.br\/cbpoder\/wp-json\/wp\/v2\/posts\/4801\/revisions\/4803"}],"wp:featuredmedia":[{"embeddable":true,"href":"https:\/\/blogs.correiobraziliense.com.br\/cbpoder\/wp-json\/wp\/v2\/media\/4802"}],"wp:attachment":[{"href":"https:\/\/blogs.correiobraziliense.com.br\/cbpoder\/wp-json\/wp\/v2\/media?parent=4801"}],"wp:term":[{"taxonomy":"category","embeddable":true,"href":"https:\/\/blogs.correiobraziliense.com.br\/cbpoder\/wp-json\/wp\/v2\/categories?post=4801"},{"taxonomy":"post_tag","embeddable":true,"href":"https:\/\/blogs.correiobraziliense.com.br\/cbpoder\/wp-json\/wp\/v2\/tags?post=4801"}],"curies":[{"name":"wp","href":"https:\/\/api.w.org\/{rel}","templated":true}]}}