{"id":4773,"date":"2016-07-17T11:54:43","date_gmt":"2016-07-17T14:54:43","guid":{"rendered":"https:\/\/blogs.correiobraziliense.com.br\/cbpoder\/?p=4773"},"modified":"2016-07-18T19:10:09","modified_gmt":"2016-07-18T22:10:09","slug":"nossa-paridade-com-policia-federal-e-historica-diz-eric-seba-diretor-geral-da-policia-civil","status":"publish","type":"post","link":"https:\/\/blogs.correiobraziliense.com.br\/cbpoder\/nossa-paridade-com-policia-federal-e-historica-diz-eric-seba-diretor-geral-da-policia-civil\/","title":{"rendered":"&#8220;A nossa paridade com a Pol\u00edcia Federal \u00e9 hist\u00f3rica&#8221;, diz Eric Seba, diretor-geral da Pol\u00edcia Civil"},"content":{"rendered":"<p><strong>H\u00e1 uma cobran\u00e7a direta dos delegados a voc\u00ea sobre benef\u00edcios e o reajuste salarial. Qual \u00e9 a sua postura, entre a sua categoria e o governador Rodrigo Rollemberg?<\/strong><br \/>\n\u00c9 uma situa\u00e7\u00e3o bem complicada. Sou um policial, servidor de carreira, dependo do meu sal\u00e1rio, dependo da manuten\u00e7\u00e3o do meu poder aquisitivo em benef\u00edcio da minha fam\u00edlia. Sou respons\u00e1vel pelos servidores e, ao mesmo tempo, tenho um comprometimento de gest\u00e3o da institui\u00e7\u00e3o, de responsabilidade com o governador. Ent\u00e3o, \u00e9 preciso equilibrar todas as situa\u00e7\u00f5es.<\/p>\n<p>&nbsp;<\/p>\n<p><strong>Pelo visto, n\u00e3o \u00e9 f\u00e1cil&#8230;<\/strong><br \/>\nN\u00e3o \u00e9 muito f\u00e1cil. Principalmente porque acabo sofrendo pelos dois lados. O governo passa por uma situa\u00e7\u00e3o de crise muito grave, local e federal. Neste ano, estamos sofrendo uma redu\u00e7\u00e3o do Fundo Constitucional. Mas em momento algum deixo de defender o direito dos nosso servidores. N\u00f3s j\u00e1 fomos o maior sal\u00e1rio do Brasil em termos de Pol\u00edcia Civil. Hoje estamos em nono lugar e o DF tem o maior custo de vida do pa\u00eds.<\/p>\n<p>&nbsp;<\/p>\n<p><strong>Joaquim Roriz sempre foi apontado como um governador que fez muito pela Pol\u00edcia Civil. Como os policiais enxergam Rollemberg?<\/strong><br \/>\nA passagem com o governador Roriz foi extremamente pr\u00f3spera na Pol\u00edcia, em investimento de sal\u00e1rios e condi\u00e7\u00f5es de trabalho. A gente vinha de uma depress\u00e3o salarial. Mas hoje os policiais civis, de forma geral, acreditam no governador Rodrigo Rollemberg, pelas promessas que ele fez. Ele \u00e9 uma pessoa do bem. N\u00e3o tenho nenhuma d\u00favida disso. Ele \u00e9 uma pessoa que quer fazer as coisas por todos os segmentos de Estado e pela Pol\u00edcia Civil.<\/p>\n<p>&nbsp;<\/p>\n<p><strong>O Sinpol est\u00e1 exibindo um v\u00eddeo que mostra um compromisso de Rollemberg com os policiais civis de manter a equipara\u00e7\u00e3o dos reajustes da Pol\u00edcia Federal. Como fica se n\u00e3o der para cumprir?<\/strong><br \/>\nOs dois sindicatos est\u00e3o em movimento salarial reivindicando a paridade com a Pol\u00edcia Federal. A quebra dessa paridade \u00e9 preocupante porque gera uma instabilidade de um movimento paredista. Por enquanto, tem sido levado de uma forma serena. Um pouco mais contundente em determinados momentos, mas sem preju\u00edzo para a popula\u00e7\u00e3o. O que tenho levado para o governador \u00e9 que essa manuten\u00e7\u00e3o \u00e9 hist\u00f3rica, justa e necess\u00e1ria. A Pol\u00edcia Civil precisa ser olhada com carinho.<\/p>\n<p>&nbsp;<\/p>\n<p><strong>O que o governador diz?<\/strong><br \/>\nO governador fez um compromisso de campanha. Ele se preocupa e acha que a manuten\u00e7\u00e3o dessa paridade deve acontecer. S\u00f3 que ele tamb\u00e9m entende que o momento financeiro da cidade exige que se conduza de forma cautelosa. Porque h\u00e1 impacto financeiro. Hoje a gente tem problema de n\u00e3o conseguir fechar a folha de novembro e dezembro. Existem os argumentos t\u00e9cnicos e o que trazem \u00e9 uma dificuldade, mas n\u00e3o foi descartado.<\/p>\n<p>&nbsp;<\/p>\n<p><strong>Precisa de delegados?<\/strong><br \/>\nMuito. Na verdade, todas as categorias est\u00e3o defasadas. Talvez hoje os agentes de Pol\u00edcia sofram um pouco mais, principalmente por causa dos plant\u00f5es. Bras\u00edlia tem uma caracter\u00edstica. S\u00e3o 34 delegacias que trabalham 24 horas por dia, atendendo a popula\u00e7\u00e3o. O que n\u00f3s precisamos \u00e9 de um planejamento para resgatar um \u00eaxodo de servidores que houve por aposentadoria e por terem passado em outros cargos e que foi fragilizando. Uma grande parte das nossas delegacias trabalha de forma subdimensionada. Isso acaba comprometendo um pouco as investiga\u00e7\u00f5es e o atendimento ao p\u00fablico, apesar de a Pol\u00edcia Civil estar produzindo cada vez mais. Isso \u00e9 um recado claro para a sociedade: n\u00e3o estamos vinculando a nossa produtividade a nosso sal\u00e1rio.<\/p>\n<p>&nbsp;<\/p>\n<p><strong>Incomoda uma certa invas\u00e3o do trabalho da Pol\u00edcia Militar nas investiga\u00e7\u00f5es da Pol\u00edcia Civil?<\/strong><br \/>\nO trabalho de cada institui\u00e7\u00e3o est\u00e1 perfeitamente delineado tanto na Constitui\u00e7\u00e3o, quanto nas normas legais. Todas as vezes que tivermos algum tipo de trabalho que n\u00e3o esteja institucionalmente conferido para aquelas pessoas incomoda. Atrapalha, ent\u00e3o a seguran\u00e7a p\u00fablica tem que ser trabalhada de forma complementar. A gente fala que um dos principais pilares \u00e9 a integra\u00e7\u00e3o. Agora, cada um fazendo o que tem de fazer. Imagina eu colocar hoje 2 mil policiais da DOE (Divis\u00e3o de Opera\u00e7\u00f5es Especiais) fazendo ronda.<\/p>\n<p>&nbsp;<\/p>\n<p><strong>Pode citar alguma situa\u00e7\u00e3o em que a Pol\u00edcia Militar invadiu a compet\u00eancia da Pol\u00edcia Civil?<\/strong><br \/>\nN\u00e3o vou dizer a PM. Tenho um respeito profundo, uma admira\u00e7\u00e3o pela institui\u00e7\u00e3o t\u00e3o grande quanto eu tenho pela minha. \u00c0s vezes, em que estive precisando de um suporte, eu pude contar com policiais militares que me ajudaram em alguma opera\u00e7\u00e3o. Mas eu diria, por exemplo, tivemos um caso recente daquela onda de explos\u00e3o de caixas eletr\u00f4nicos, em que alguns setores tentavam fazer o trabalho de investiga\u00e7\u00e3o que \u00e9 nosso. E acabava atropelando um pouco a sequ\u00eancia de investiga\u00e7\u00e3o que tinha de ser feita. As pessoas queriam apresentar mais efetividade.<\/p>\n<p>&nbsp;<\/p>\n<p><strong>Mas comprometeu essa investiga\u00e7\u00e3o?<\/strong><br \/>\nCompromete porque acaba postergando alguns resultados. Acaba comprometendo o t\u00edming do resultado. Mas n\u00e3o foi a institui\u00e7\u00e3o e sim algumas pessoas.<\/p>\n<p>&nbsp;<\/p>\n<p><strong>Muito se fala que o governador Rollemberg tem uma prefer\u00eancia pela Pol\u00edcia Militar em rela\u00e7\u00e3o \u00e0s demais for\u00e7as de seguran\u00e7a. Isso \u00e9 verdade?<\/strong><br \/>\nN\u00e3o acredito. O governador tem demonstrado uma preocupa\u00e7\u00e3o com todos os segmentos de Estado. Se eu dissesse hoje se ele tivesse que escolher um segmento que ele tivesse uma preocupa\u00e7\u00e3o maior talvez seria na sa\u00fade e na educa\u00e7\u00e3o. Vejo alguns processos que foram desaguando agora e a Pol\u00edcia Militar acabou sendo agraciada com alguns quinh\u00f5es. Mas n\u00e3o vejo como prefer\u00eancia.<\/p>\n<p>&nbsp;<\/p>\n<p><strong>A PM tem alguns benef\u00edcios que a Civil n\u00e3o tem, como aux\u00edlio-moradia. Isso incomoda?<\/strong><br \/>\nO policial civil recebe em forma de subs\u00eddio, ent\u00e3o n\u00e3o tem como receber outros benef\u00edcios, como o aux\u00edlio-moradia, o servi\u00e7o gratificado volunt\u00e1rio. N\u00e3o temos como receber. Se a gente pudesse escalar algum policial para trabalhar na folga e receber, nos ajudaria como institui\u00e7\u00e3o e seria bom a popula\u00e7\u00e3o. E os nossos policiais est\u00e3o trabalhando muito, nas delegacias circunscricionais e nas especializadas. N\u00f3s n\u00e3o temos plano de sa\u00fade, n\u00e3o temos licen\u00e7a pr\u00eamio para converter em pec\u00fania. N\u00e3o temos aux\u00edlio para uniforme. Isso incomoda.<\/p>\n<p>&nbsp;<\/p>\n<p><strong>O fato de a PM estar reivindicando o mesmo reajuste da Civil atrapalha a negocia\u00e7\u00e3o?<\/strong><br \/>\nQueria deixar claro: n\u00f3s n\u00e3o somos contra nenhum benef\u00edcio da Pol\u00edcia Militar ou para os demais servidores do DF ou algum reajuste para as demais for\u00e7as. Mas a Pol\u00edcia Civil entende que a nossa paridade com a Pol\u00edcia Federal \u00e9 hist\u00f3rica. Vem a\u00ed pelo menos de 20 anos e as outras for\u00e7as reivindicarem o mesmo percentual com base nesse argumento e at\u00e9 inviabilizar o nosso aumento \u00e9 injusto. At\u00e9 porque os par\u00e2metros para as for\u00e7as militares s\u00e3o os das for\u00e7as armadas.<\/p>\n","protected":false},"excerpt":{"rendered":"<p>H\u00e1 uma cobran\u00e7a direta dos delegados a voc\u00ea sobre benef\u00edcios e o reajuste salarial. Qual \u00e9 a sua postura, entre a sua categoria e o governador Rodrigo Rollemberg? \u00c9 uma situa\u00e7\u00e3o bem complicada. Sou um policial, servidor de carreira, dependo do meu sal\u00e1rio, dependo da manuten\u00e7\u00e3o do meu poder aquisitivo em benef\u00edcio da minha fam\u00edlia. Sou respons\u00e1vel pelos servidores e, [&hellip;]<\/p>\n","protected":false},"author":9,"featured_media":4774,"comment_status":"open","ping_status":"closed","sticky":false,"template":"","format":"standard","meta":{"footnotes":""},"categories":[234],"tags":[],"class_list":["post-4773","post","type-post","status-publish","format-standard","has-post-thumbnail","hentry","category-cb-poder"],"_links":{"self":[{"href":"https:\/\/blogs.correiobraziliense.com.br\/cbpoder\/wp-json\/wp\/v2\/posts\/4773","targetHints":{"allow":["GET"]}}],"collection":[{"href":"https:\/\/blogs.correiobraziliense.com.br\/cbpoder\/wp-json\/wp\/v2\/posts"}],"about":[{"href":"https:\/\/blogs.correiobraziliense.com.br\/cbpoder\/wp-json\/wp\/v2\/types\/post"}],"author":[{"embeddable":true,"href":"https:\/\/blogs.correiobraziliense.com.br\/cbpoder\/wp-json\/wp\/v2\/users\/9"}],"replies":[{"embeddable":true,"href":"https:\/\/blogs.correiobraziliense.com.br\/cbpoder\/wp-json\/wp\/v2\/comments?post=4773"}],"version-history":[{"count":2,"href":"https:\/\/blogs.correiobraziliense.com.br\/cbpoder\/wp-json\/wp\/v2\/posts\/4773\/revisions"}],"predecessor-version":[{"id":4797,"href":"https:\/\/blogs.correiobraziliense.com.br\/cbpoder\/wp-json\/wp\/v2\/posts\/4773\/revisions\/4797"}],"wp:featuredmedia":[{"embeddable":true,"href":"https:\/\/blogs.correiobraziliense.com.br\/cbpoder\/wp-json\/wp\/v2\/media\/4774"}],"wp:attachment":[{"href":"https:\/\/blogs.correiobraziliense.com.br\/cbpoder\/wp-json\/wp\/v2\/media?parent=4773"}],"wp:term":[{"taxonomy":"category","embeddable":true,"href":"https:\/\/blogs.correiobraziliense.com.br\/cbpoder\/wp-json\/wp\/v2\/categories?post=4773"},{"taxonomy":"post_tag","embeddable":true,"href":"https:\/\/blogs.correiobraziliense.com.br\/cbpoder\/wp-json\/wp\/v2\/tags?post=4773"}],"curies":[{"name":"wp","href":"https:\/\/api.w.org\/{rel}","templated":true}]}}