{"id":4769,"date":"2016-07-17T10:51:09","date_gmt":"2016-07-17T13:51:09","guid":{"rendered":"https:\/\/blogs.correiobraziliense.com.br\/cbpoder\/?p=4769"},"modified":"2016-07-16T14:54:16","modified_gmt":"2016-07-16T17:54:16","slug":"sindicalista-gravou-pelo-menos-cinco-pessoas-do-governo","status":"publish","type":"post","link":"https:\/\/blogs.correiobraziliense.com.br\/cbpoder\/sindicalista-gravou-pelo-menos-cinco-pessoas-do-governo\/","title":{"rendered":"Sindicalista gravou pelo menos cinco pessoas do governo"},"content":{"rendered":"<p>A presidente do Sindicato dos Servidores da Sa\u00fade (SindSaude), Marli Rodrigues, gravou pelo menos cinco pessoas do governo em conversas sobre a \u00e1rea de sa\u00fade. N\u00e3o \u00e9 a primeira vez. No ano passado, o governador Rodrigo Rollemberg ficou incomodado quando a sindicalista gravou e divulgou uma reuni\u00e3o no Pal\u00e1cio do Buriti sobre o pagamento do reajuste dos servidores, embora a pol\u00eamica fosse apenas depositar ou n\u00e3o o aumento da categoria. Agora, h\u00e1 material para constranger outras autoridades, al\u00e9m do vice-governador Renato Santana, que teve um di\u00e1logo registrado pela sindicalista. No trecho que veio \u00e0 tona, ele conta ter conhecimento de um esquema de cobran\u00e7a de propina no valor de 10% sobre o valor dos contratos. Al\u00e9m das den\u00fancias, Marli \u00e9 uma das principais cr\u00edticas do modelo de gest\u00e3o, por meio de organiza\u00e7\u00f5es sociais, que Rollemberg quer adotar.<\/p>\n<p>&nbsp;<\/p>\n<p><strong>C\u00e2mara explora den\u00fancias<\/strong><br \/>\nDen\u00fancias na sa\u00fade sempre deram repercuss\u00e3o pol\u00edtica. Juntando esse detalhe \u00e0 oposi\u00e7\u00e3o que domina a CPI da Sa\u00fade e o rompimento da presidente da C\u00e2mara Legislativa, Celina Le\u00e3o (PPS), com o governador Rodrigo Rollemberg, o resultado das grava\u00e7\u00f5es da presidente do SindSa\u00fade, Marli Rodrigues, pode ser uma crise. Gravada pela sindicalista, a conversa em que o vice-governador Renato Santana fala de den\u00fancia de cobran\u00e7a de propina na Secretaria de Fazenda para libera\u00e7\u00e3o de contratos de sa\u00fade ser\u00e1 explorada na CPI, durante as f\u00e9rias dos distritais. Santana dever\u00e1 ser chamado a depor.<\/p>\n<p>&nbsp;<\/p>\n<p><strong>Almo\u00e7o registrado<\/strong><br \/>\nH\u00e1 dois meses, em 19 de maio, como registrou a coluna na ocasi\u00e3o, a presidente do SindSaude, Marli Rodrigues, e a presidente da C\u00e2mara, Celina Le\u00e3o (PPS), almo\u00e7aram juntas no restaurante Fusion. O assunto era a CPI da Sa\u00fade. Ser\u00e1 que a conversa foi gravada?<\/p>\n","protected":false},"excerpt":{"rendered":"<p>A presidente do Sindicato dos Servidores da Sa\u00fade (SindSaude), Marli Rodrigues, gravou pelo menos cinco pessoas do governo em conversas sobre a \u00e1rea de sa\u00fade. N\u00e3o \u00e9 a primeira vez. No ano passado, o governador Rodrigo Rollemberg ficou incomodado quando a sindicalista gravou e divulgou uma reuni\u00e3o no Pal\u00e1cio do Buriti sobre o pagamento do reajuste dos servidores, embora a [&hellip;]<\/p>\n","protected":false},"author":9,"featured_media":4770,"comment_status":"open","ping_status":"closed","sticky":false,"template":"","format":"standard","meta":{"footnotes":""},"categories":[234],"tags":[],"class_list":["post-4769","post","type-post","status-publish","format-standard","has-post-thumbnail","hentry","category-cb-poder"],"_links":{"self":[{"href":"https:\/\/blogs.correiobraziliense.com.br\/cbpoder\/wp-json\/wp\/v2\/posts\/4769","targetHints":{"allow":["GET"]}}],"collection":[{"href":"https:\/\/blogs.correiobraziliense.com.br\/cbpoder\/wp-json\/wp\/v2\/posts"}],"about":[{"href":"https:\/\/blogs.correiobraziliense.com.br\/cbpoder\/wp-json\/wp\/v2\/types\/post"}],"author":[{"embeddable":true,"href":"https:\/\/blogs.correiobraziliense.com.br\/cbpoder\/wp-json\/wp\/v2\/users\/9"}],"replies":[{"embeddable":true,"href":"https:\/\/blogs.correiobraziliense.com.br\/cbpoder\/wp-json\/wp\/v2\/comments?post=4769"}],"version-history":[{"count":1,"href":"https:\/\/blogs.correiobraziliense.com.br\/cbpoder\/wp-json\/wp\/v2\/posts\/4769\/revisions"}],"predecessor-version":[{"id":4771,"href":"https:\/\/blogs.correiobraziliense.com.br\/cbpoder\/wp-json\/wp\/v2\/posts\/4769\/revisions\/4771"}],"wp:featuredmedia":[{"embeddable":true,"href":"https:\/\/blogs.correiobraziliense.com.br\/cbpoder\/wp-json\/wp\/v2\/media\/4770"}],"wp:attachment":[{"href":"https:\/\/blogs.correiobraziliense.com.br\/cbpoder\/wp-json\/wp\/v2\/media?parent=4769"}],"wp:term":[{"taxonomy":"category","embeddable":true,"href":"https:\/\/blogs.correiobraziliense.com.br\/cbpoder\/wp-json\/wp\/v2\/categories?post=4769"},{"taxonomy":"post_tag","embeddable":true,"href":"https:\/\/blogs.correiobraziliense.com.br\/cbpoder\/wp-json\/wp\/v2\/tags?post=4769"}],"curies":[{"name":"wp","href":"https:\/\/api.w.org\/{rel}","templated":true}]}}