{"id":4706,"date":"2016-07-12T19:30:05","date_gmt":"2016-07-12T22:30:05","guid":{"rendered":"https:\/\/blogs.correiobraziliense.com.br\/cbpoder\/?p=4706"},"modified":"2016-07-12T19:30:05","modified_gmt":"2016-07-12T22:30:05","slug":"na-disputa-por-vaga-de-desembargador-do-df-33-advogados-se-inscrevem","status":"publish","type":"post","link":"https:\/\/blogs.correiobraziliense.com.br\/cbpoder\/na-disputa-por-vaga-de-desembargador-do-df-33-advogados-se-inscrevem\/","title":{"rendered":"Na disputa por vaga de desembargador do DF, 33 advogados se inscrevem"},"content":{"rendered":"<p>Na disputa para a vaga da Ordem dos Advogados do Brasil (OAB-DF) \u00a0no Tribunal de Justi\u00e7a do DF, 33 advogados demonstraram interesse. S\u00e3o quatro mulheres e 29 homens.<\/p>\n<p>O prazo de inscri\u00e7\u00e3o terminou ontem (11) e agora uma comiss\u00e3o da OAB-DF vai fazer uma avalia\u00e7\u00e3o pr\u00e9via sobre as candidaturas, dentro dos crit\u00e9rios legais, antes de submeter os nomes ao crivo de toda a classe.<\/p>\n<p>Numa consulta p\u00fablica, entre advogados, ser\u00e3o selecionados 12 candidatos. Em seguida, a pr\u00f3pria OAB-DF vai escolher seis concorrentes.<\/p>\n<p>Dessa sele\u00e7\u00e3o, surgir\u00e1 uma lista tr\u00edplice a ser eleita pelo Tribunal de Justi\u00e7a do DF. Um deles ser\u00e1 nomeado desembargador pela Presid\u00eancia da Rep\u00fablica.<\/p>\n<p>Veja quem se inscreveu:<\/p>\n<ol>\n<li>A\u00edda Dutra Dantas<\/li>\n<li>Asdrubal Nascimento Lima Junior<\/li>\n<li>Aldovandro Teles Torres<\/li>\n<li>Alexandre Garcia Jos\u00e9 Jorge<\/li>\n<li>Andr\u00e9 Puppin Macedo<\/li>\n<li>Andr\u00e9 Soares<\/li>\n<li>Benedito S\u00edlvio Palma Masseli<\/li>\n<li>Carolina C. Guimar\u00e3es Lisboa<\/li>\n<li>Dami\u00e3o Cordeiro<\/li>\n<li>Eduardo Lowenhaupt<\/li>\n<li>Einstein Lincoln Borges Taquary<\/li>\n<li>Eliene Ferreira Bastos<\/li>\n<li>Guilherme de Moraes Faleiro<\/li>\n<li>Helio Gil Gracindo Filho<\/li>\n<li>Jefferson Luis Mathias Thom\u00e9<\/li>\n<li>Jo\u00e3o Berchmans Correia Serra<\/li>\n<li>Jos\u00e9 Carlos Alves da Silva<\/li>\n<li>Jos\u00e9 Eduardo Peixoto Affonso<\/li>\n<li>Jos\u00e9 Rossini C. do Couto Correia<\/li>\n<li>Marcelo Ant\u00f4nio R. Reis<\/li>\n<li>Marcus Vin\u00edcius de Almeida<\/li>\n<li>Marilane Lopes<\/li>\n<li>Maur\u00edcio Gonzalez Nardelli<\/li>\n<li>Nicson Chagas Quirino<\/li>\n<li>Paulo Henrique Nunes Dias<\/li>\n<li>Paulo Roberto de Castro<\/li>\n<li>Renato Manuel Duarte Costa<\/li>\n<li>Roberto Freitas Filho<\/li>\n<li>S\u00e9rgio Palomares<\/li>\n<li>S\u00e9rgio Roberto Roncador<\/li>\n<li>Valter Kazuo Takahashi<\/li>\n<li>Wanderley Leal Chagas<\/li>\n<li>Z\u00e9lio Maia da Rocha<\/li>\n<\/ol>\n<p>&nbsp;<\/p>\n","protected":false},"excerpt":{"rendered":"<p>Na disputa para a vaga da Ordem dos Advogados do Brasil (OAB-DF) \u00a0no Tribunal de Justi\u00e7a do DF, 33 advogados demonstraram interesse. S\u00e3o quatro mulheres e 29 homens. O prazo de inscri\u00e7\u00e3o terminou ontem (11) e agora uma comiss\u00e3o da OAB-DF vai fazer uma avalia\u00e7\u00e3o pr\u00e9via sobre as candidaturas, dentro dos crit\u00e9rios legais, antes de submeter os nomes ao crivo [&hellip;]<\/p>\n","protected":false},"author":9,"featured_media":4707,"comment_status":"open","ping_status":"closed","sticky":false,"template":"","format":"standard","meta":{"footnotes":""},"categories":[234],"tags":[56,274,413,412],"class_list":["post-4706","post","type-post","status-publish","format-standard","has-post-thumbnail","hentry","category-cb-poder","tag-justica","tag-oab","tag-tjdft","tag-vaga-de-desembargador"],"_links":{"self":[{"href":"https:\/\/blogs.correiobraziliense.com.br\/cbpoder\/wp-json\/wp\/v2\/posts\/4706","targetHints":{"allow":["GET"]}}],"collection":[{"href":"https:\/\/blogs.correiobraziliense.com.br\/cbpoder\/wp-json\/wp\/v2\/posts"}],"about":[{"href":"https:\/\/blogs.correiobraziliense.com.br\/cbpoder\/wp-json\/wp\/v2\/types\/post"}],"author":[{"embeddable":true,"href":"https:\/\/blogs.correiobraziliense.com.br\/cbpoder\/wp-json\/wp\/v2\/users\/9"}],"replies":[{"embeddable":true,"href":"https:\/\/blogs.correiobraziliense.com.br\/cbpoder\/wp-json\/wp\/v2\/comments?post=4706"}],"version-history":[{"count":1,"href":"https:\/\/blogs.correiobraziliense.com.br\/cbpoder\/wp-json\/wp\/v2\/posts\/4706\/revisions"}],"predecessor-version":[{"id":4708,"href":"https:\/\/blogs.correiobraziliense.com.br\/cbpoder\/wp-json\/wp\/v2\/posts\/4706\/revisions\/4708"}],"wp:featuredmedia":[{"embeddable":true,"href":"https:\/\/blogs.correiobraziliense.com.br\/cbpoder\/wp-json\/wp\/v2\/media\/4707"}],"wp:attachment":[{"href":"https:\/\/blogs.correiobraziliense.com.br\/cbpoder\/wp-json\/wp\/v2\/media?parent=4706"}],"wp:term":[{"taxonomy":"category","embeddable":true,"href":"https:\/\/blogs.correiobraziliense.com.br\/cbpoder\/wp-json\/wp\/v2\/categories?post=4706"},{"taxonomy":"post_tag","embeddable":true,"href":"https:\/\/blogs.correiobraziliense.com.br\/cbpoder\/wp-json\/wp\/v2\/tags?post=4706"}],"curies":[{"name":"wp","href":"https:\/\/api.w.org\/{rel}","templated":true}]}}