{"id":4694,"date":"2016-07-12T15:29:23","date_gmt":"2016-07-12T18:29:23","guid":{"rendered":"https:\/\/blogs.correiobraziliense.com.br\/cbpoder\/?p=4694"},"modified":"2016-07-12T11:29:42","modified_gmt":"2016-07-12T14:29:42","slug":"voto-aberto-x-fechado","status":"publish","type":"post","link":"https:\/\/blogs.correiobraziliense.com.br\/cbpoder\/voto-aberto-x-fechado\/","title":{"rendered":"Voto aberto para presid\u00eancia: vanguarda da C\u00e2mara Legislativa"},"content":{"rendered":"<p>A vota\u00e7\u00e3o para a presid\u00eancia da C\u00e2mara dos Deputados ser\u00e1 secreta, com todos os conchavos e trai\u00e7\u00f5es que o sigilo propicia. Pelo menos nisso, a C\u00e2mara Legislativa est\u00e1 \u00e0 frente, gra\u00e7as a emenda \u00e0 Lei Org\u00e2nica do DF de autoria do deputado Chico Leite (Rede). A primeira elei\u00e7\u00e3o aberta para o Legislativo local ocorreu em dezembro de 2007, quando Al\u00edrio Neto, ent\u00e3o no PPS, foi escolhido para o comando da Casa.<\/p>\n","protected":false},"excerpt":{"rendered":"<p>A vota\u00e7\u00e3o para a presid\u00eancia da C\u00e2mara dos Deputados ser\u00e1 secreta, com todos os conchavos e trai\u00e7\u00f5es que o sigilo propicia. Pelo menos nisso, a C\u00e2mara Legislativa est\u00e1 \u00e0 frente, gra\u00e7as a emenda \u00e0 Lei Org\u00e2nica do DF de autoria do deputado Chico Leite (Rede). A primeira elei\u00e7\u00e3o aberta para o Legislativo local ocorreu em dezembro de 2007, quando Al\u00edrio [&hellip;]<\/p>\n","protected":false},"author":9,"featured_media":4695,"comment_status":"open","ping_status":"closed","sticky":false,"template":"","format":"standard","meta":{"footnotes":""},"categories":[234],"tags":[],"class_list":["post-4694","post","type-post","status-publish","format-standard","has-post-thumbnail","hentry","category-cb-poder"],"_links":{"self":[{"href":"https:\/\/blogs.correiobraziliense.com.br\/cbpoder\/wp-json\/wp\/v2\/posts\/4694","targetHints":{"allow":["GET"]}}],"collection":[{"href":"https:\/\/blogs.correiobraziliense.com.br\/cbpoder\/wp-json\/wp\/v2\/posts"}],"about":[{"href":"https:\/\/blogs.correiobraziliense.com.br\/cbpoder\/wp-json\/wp\/v2\/types\/post"}],"author":[{"embeddable":true,"href":"https:\/\/blogs.correiobraziliense.com.br\/cbpoder\/wp-json\/wp\/v2\/users\/9"}],"replies":[{"embeddable":true,"href":"https:\/\/blogs.correiobraziliense.com.br\/cbpoder\/wp-json\/wp\/v2\/comments?post=4694"}],"version-history":[{"count":1,"href":"https:\/\/blogs.correiobraziliense.com.br\/cbpoder\/wp-json\/wp\/v2\/posts\/4694\/revisions"}],"predecessor-version":[{"id":4696,"href":"https:\/\/blogs.correiobraziliense.com.br\/cbpoder\/wp-json\/wp\/v2\/posts\/4694\/revisions\/4696"}],"wp:featuredmedia":[{"embeddable":true,"href":"https:\/\/blogs.correiobraziliense.com.br\/cbpoder\/wp-json\/wp\/v2\/media\/4695"}],"wp:attachment":[{"href":"https:\/\/blogs.correiobraziliense.com.br\/cbpoder\/wp-json\/wp\/v2\/media?parent=4694"}],"wp:term":[{"taxonomy":"category","embeddable":true,"href":"https:\/\/blogs.correiobraziliense.com.br\/cbpoder\/wp-json\/wp\/v2\/categories?post=4694"},{"taxonomy":"post_tag","embeddable":true,"href":"https:\/\/blogs.correiobraziliense.com.br\/cbpoder\/wp-json\/wp\/v2\/tags?post=4694"}],"curies":[{"name":"wp","href":"https:\/\/api.w.org\/{rel}","templated":true}]}}