{"id":4685,"date":"2016-07-12T11:11:30","date_gmt":"2016-07-12T14:11:30","guid":{"rendered":"https:\/\/blogs.correiobraziliense.com.br\/cbpoder\/?p=4685"},"modified":"2016-07-12T11:11:55","modified_gmt":"2016-07-12T14:11:55","slug":"tempo-de-reflexao-ex-governador-arruda-percorre-825-km-no-caminho-de-santiago-de-compostela","status":"publish","type":"post","link":"https:\/\/blogs.correiobraziliense.com.br\/cbpoder\/tempo-de-reflexao-ex-governador-arruda-percorre-825-km-no-caminho-de-santiago-de-compostela\/","title":{"rendered":"Tempo de reflex\u00e3o: ex-governador Arruda percorre 825 km no caminho de Santiago de Compostela"},"content":{"rendered":"<p>O ex-governador Jos\u00e9 Roberto Arruda est\u00e1 passando por um momento de reflex\u00e3o pessoal. Ele est\u00e1, h\u00e1 15 dias, percorrendo a p\u00e9 o caminho de Santiago de Compostela. Com uma mochila nas costas, andou mais de 500 quil\u00f4metros at\u00e9 agora. S\u00f3 retorna a Bras\u00edlia em 27 de julho, ao final dos 825 quil\u00f4metros de pausa espiritual. A mulher de Arruda, Fl\u00e1via Peres, conta que ele est\u00e1 realizando um desejo que surgiu na d\u00e9cada de 1980, quando morou na Espanha. Durante o trajeto, Arruda conheceu peregrinos de v\u00e1rios pa\u00edses, ouviu relato de hist\u00f3rias felizes e tristes, mas a maior parte do tempo tem andado sozinho.<\/p>\n","protected":false},"excerpt":{"rendered":"<p>O ex-governador Jos\u00e9 Roberto Arruda est\u00e1 passando por um momento de reflex\u00e3o pessoal. Ele est\u00e1, h\u00e1 15 dias, percorrendo a p\u00e9 o caminho de Santiago de Compostela. Com uma mochila nas costas, andou mais de 500 quil\u00f4metros at\u00e9 agora. S\u00f3 retorna a Bras\u00edlia em 27 de julho, ao final dos 825 quil\u00f4metros de pausa espiritual. A mulher de Arruda, Fl\u00e1via [&hellip;]<\/p>\n","protected":false},"author":9,"featured_media":4686,"comment_status":"open","ping_status":"closed","sticky":false,"template":"","format":"standard","meta":{"footnotes":""},"categories":[234],"tags":[],"class_list":["post-4685","post","type-post","status-publish","format-standard","has-post-thumbnail","hentry","category-cb-poder"],"_links":{"self":[{"href":"https:\/\/blogs.correiobraziliense.com.br\/cbpoder\/wp-json\/wp\/v2\/posts\/4685","targetHints":{"allow":["GET"]}}],"collection":[{"href":"https:\/\/blogs.correiobraziliense.com.br\/cbpoder\/wp-json\/wp\/v2\/posts"}],"about":[{"href":"https:\/\/blogs.correiobraziliense.com.br\/cbpoder\/wp-json\/wp\/v2\/types\/post"}],"author":[{"embeddable":true,"href":"https:\/\/blogs.correiobraziliense.com.br\/cbpoder\/wp-json\/wp\/v2\/users\/9"}],"replies":[{"embeddable":true,"href":"https:\/\/blogs.correiobraziliense.com.br\/cbpoder\/wp-json\/wp\/v2\/comments?post=4685"}],"version-history":[{"count":1,"href":"https:\/\/blogs.correiobraziliense.com.br\/cbpoder\/wp-json\/wp\/v2\/posts\/4685\/revisions"}],"predecessor-version":[{"id":4687,"href":"https:\/\/blogs.correiobraziliense.com.br\/cbpoder\/wp-json\/wp\/v2\/posts\/4685\/revisions\/4687"}],"wp:featuredmedia":[{"embeddable":true,"href":"https:\/\/blogs.correiobraziliense.com.br\/cbpoder\/wp-json\/wp\/v2\/media\/4686"}],"wp:attachment":[{"href":"https:\/\/blogs.correiobraziliense.com.br\/cbpoder\/wp-json\/wp\/v2\/media?parent=4685"}],"wp:term":[{"taxonomy":"category","embeddable":true,"href":"https:\/\/blogs.correiobraziliense.com.br\/cbpoder\/wp-json\/wp\/v2\/categories?post=4685"},{"taxonomy":"post_tag","embeddable":true,"href":"https:\/\/blogs.correiobraziliense.com.br\/cbpoder\/wp-json\/wp\/v2\/tags?post=4685"}],"curies":[{"name":"wp","href":"https:\/\/api.w.org\/{rel}","templated":true}]}}