{"id":4664,"date":"2016-07-10T08:10:22","date_gmt":"2016-07-10T11:10:22","guid":{"rendered":"https:\/\/blogs.correiobraziliense.com.br\/cbpoder\/?p=4664"},"modified":"2016-07-10T08:10:22","modified_gmt":"2016-07-10T11:10:22","slug":"delegados-cobram-apoio","status":"publish","type":"post","link":"https:\/\/blogs.correiobraziliense.com.br\/cbpoder\/delegados-cobram-apoio\/","title":{"rendered":"Delegados cobram apoio"},"content":{"rendered":"<p>N\u00e3o vai ser f\u00e1cil a vida do diretor-geral da Pol\u00edcia Civil do DF, Eric Seba, durante as negocia\u00e7\u00f5es de reajustes da categoria com o governador Rodrigo Rollemberg.<\/p>\n<p>Seba passou a ser cobrado diretamente pelos delegados para que apoie abertamente as suas reivindica\u00e7\u00f5es.<\/p>\n<p>Eles querem uma posi\u00e7\u00e3o clara do chefe da institui\u00e7\u00e3o sobre demandas que precisam ser decididas por Rollemberg. Faixas, afixadas no port\u00e3o principal de acesso ao complexo da Pol\u00edcia Civil, com mensagens a Seba partiram do Sindicato dos Delegados de Pol\u00edcia Civil (Sindepo) e da Associa\u00e7\u00e3o dos Delegados de Pol\u00edcia (Adepol), duas entidades que sempre o apoiaram.<\/p>\n<p>Agora, Seba ter\u00e1 de tomar partido entre a classe e o chefe, Rodrigo Rollemberg, num momento em que o governo diz n\u00e3o ter condi\u00e7\u00f5es de avan\u00e7ar em benef\u00edcios para servidores p\u00fablicos.<\/p>\n<p>Seba diz que est\u00e1 trabalhando pelos colegas. &#8220;O que \u00e9 poss\u00edvel fazer pela dire\u00e7\u00e3o-geral n\u00f3s temos feito: v\u00e1rias reuni\u00f5es e interlocu\u00e7\u00f5es com o governador e com segmentos do governo. Infelizmente, n\u00e3o tenho autonomia para deliberar sobre essas quest\u00f5es de forma definitiva. Mas todos os pontos est\u00e3o sendo discutidos com a nossa argumenta\u00e7\u00e3o para tentar resolv\u00ea-los&#8221;, disse Seba \u00e0 coluna, sobre a lista de pedidos dos policiais civis.<\/p>\n","protected":false},"excerpt":{"rendered":"<p>N\u00e3o vai ser f\u00e1cil a vida do diretor-geral da Pol\u00edcia Civil do DF, Eric Seba, durante as negocia\u00e7\u00f5es de reajustes da categoria com o governador Rodrigo Rollemberg. Seba passou a ser cobrado diretamente pelos delegados para que apoie abertamente as suas reivindica\u00e7\u00f5es. Eles querem uma posi\u00e7\u00e3o clara do chefe da institui\u00e7\u00e3o sobre demandas que precisam ser decididas por Rollemberg. Faixas, [&hellip;]<\/p>\n","protected":false},"author":9,"featured_media":4665,"comment_status":"open","ping_status":"closed","sticky":false,"template":"","format":"standard","meta":{"footnotes":""},"categories":[234],"tags":[409,408,102,407,288],"class_list":["post-4664","post","type-post","status-publish","format-standard","has-post-thumbnail","hentry","category-cb-poder","tag-delegados","tag-eric-seba","tag-policia-civil","tag-policia-civil-do-df","tag-reajuste"],"_links":{"self":[{"href":"https:\/\/blogs.correiobraziliense.com.br\/cbpoder\/wp-json\/wp\/v2\/posts\/4664","targetHints":{"allow":["GET"]}}],"collection":[{"href":"https:\/\/blogs.correiobraziliense.com.br\/cbpoder\/wp-json\/wp\/v2\/posts"}],"about":[{"href":"https:\/\/blogs.correiobraziliense.com.br\/cbpoder\/wp-json\/wp\/v2\/types\/post"}],"author":[{"embeddable":true,"href":"https:\/\/blogs.correiobraziliense.com.br\/cbpoder\/wp-json\/wp\/v2\/users\/9"}],"replies":[{"embeddable":true,"href":"https:\/\/blogs.correiobraziliense.com.br\/cbpoder\/wp-json\/wp\/v2\/comments?post=4664"}],"version-history":[{"count":1,"href":"https:\/\/blogs.correiobraziliense.com.br\/cbpoder\/wp-json\/wp\/v2\/posts\/4664\/revisions"}],"predecessor-version":[{"id":4666,"href":"https:\/\/blogs.correiobraziliense.com.br\/cbpoder\/wp-json\/wp\/v2\/posts\/4664\/revisions\/4666"}],"wp:featuredmedia":[{"embeddable":true,"href":"https:\/\/blogs.correiobraziliense.com.br\/cbpoder\/wp-json\/wp\/v2\/media\/4665"}],"wp:attachment":[{"href":"https:\/\/blogs.correiobraziliense.com.br\/cbpoder\/wp-json\/wp\/v2\/media?parent=4664"}],"wp:term":[{"taxonomy":"category","embeddable":true,"href":"https:\/\/blogs.correiobraziliense.com.br\/cbpoder\/wp-json\/wp\/v2\/categories?post=4664"},{"taxonomy":"post_tag","embeddable":true,"href":"https:\/\/blogs.correiobraziliense.com.br\/cbpoder\/wp-json\/wp\/v2\/tags?post=4664"}],"curies":[{"name":"wp","href":"https:\/\/api.w.org\/{rel}","templated":true}]}}