{"id":29592,"date":"2026-09-06T09:36:59","date_gmt":"2026-09-06T12:36:59","guid":{"rendered":"https:\/\/blogs.correiobraziliense.com.br\/cbpoder\/?p=29592"},"modified":"2026-09-06T09:39:03","modified_gmt":"2026-09-06T12:39:03","slug":"damares-no-tcdf","status":"publish","type":"post","link":"https:\/\/blogs.correiobraziliense.com.br\/cbpoder\/damares-no-tcdf\/","title":{"rendered":"Damares no TCDF"},"content":{"rendered":"\n<figure class=\"wp-block-image size-large\"><a href=\"https:\/\/blogs.correiobraziliense.com.br\/cbpoder\/wp-content\/uploads\/sites\/5\/2026\/09\/55391809085-263a386b70-o-67169660-scaled.jpg\"><img loading=\"lazy\" decoding=\"async\" width=\"1024\" height=\"683\" src=\"https:\/\/blogs.correiobraziliense.com.br\/cbpoder\/wp-content\/uploads\/sites\/5\/2026\/09\/55391809085-263a386b70-o-67169660-1024x683.jpg\" alt=\"\" class=\"wp-image-29593\" srcset=\"https:\/\/blogs.correiobraziliense.com.br\/cbpoder\/wp-content\/uploads\/sites\/5\/2026\/09\/55391809085-263a386b70-o-67169660-1024x683.jpg 1024w, https:\/\/blogs.correiobraziliense.com.br\/cbpoder\/wp-content\/uploads\/sites\/5\/2026\/09\/55391809085-263a386b70-o-67169660-300x200.jpg 300w, https:\/\/blogs.correiobraziliense.com.br\/cbpoder\/wp-content\/uploads\/sites\/5\/2026\/09\/55391809085-263a386b70-o-67169660-768x512.jpg 768w, https:\/\/blogs.correiobraziliense.com.br\/cbpoder\/wp-content\/uploads\/sites\/5\/2026\/09\/55391809085-263a386b70-o-67169660-1536x1024.jpg 1536w, https:\/\/blogs.correiobraziliense.com.br\/cbpoder\/wp-content\/uploads\/sites\/5\/2026\/09\/55391809085-263a386b70-o-67169660-2048x1365.jpg 2048w, https:\/\/blogs.correiobraziliense.com.br\/cbpoder\/wp-content\/uploads\/sites\/5\/2026\/09\/55391809085-263a386b70-o-67169660-1440x960.jpg 1440w, https:\/\/blogs.correiobraziliense.com.br\/cbpoder\/wp-content\/uploads\/sites\/5\/2026\/09\/55391809085-263a386b70-o-67169660-800x533.jpg 800w, https:\/\/blogs.correiobraziliense.com.br\/cbpoder\/wp-content\/uploads\/sites\/5\/2026\/09\/55391809085-263a386b70-o-67169660-550x367.jpg 550w, https:\/\/blogs.correiobraziliense.com.br\/cbpoder\/wp-content\/uploads\/sites\/5\/2026\/09\/55391809085-263a386b70-o-67169660-230x153.jpg 230w\" sizes=\"auto, (max-width: 1024px) 100vw, 1024px\" \/><\/a><\/figure>\n\n\n\n<p class=\"wp-block-paragraph\"><\/p>\n\n\n\n<p class=\"wp-block-paragraph\">ANA MARIA CAMPOS<\/p>\n\n\n\n<p class=\"wp-block-paragraph\">O presidente do Tribunal de Contas do DF, Manoel de Andrade, completou 73 anos e celebrou com uma festa que reuniu amigos e aliados. No mundo pol\u00edtico, a data chama a aten\u00e7\u00e3o porque agora faltam apenas dois anos para a aposentadoria compuls\u00f3ria do conselheiro que est\u00e1 h\u00e1 26 anos na Corte. Um dos nomes que tem sido aventado para substitui-lo, caso a governadora Celina Le\u00e3o (PP) seja reeleita, \u00e9 a senadora Damares Alves (Republicanos-DF). Segundo relatos, ela demonstrou interesse na pr\u00f3xima vaga do TCDF.<\/p>\n\n\n\n<p class=\"wp-block-paragraph\"><strong>Em campanha no Norte<\/strong><\/p>\n\n\n\n<p class=\"wp-block-paragraph\">Fora da disputa eleitoral porque tem mandato at\u00e9 2030, a senadora Damares Alves (Republicanos-DF) tem pedido votos para candidatos de v\u00e1rias unidades da federa\u00e7\u00e3o. Enquanto a campanha pega fogo no DF, Damares passou os \u00faltimos dias em Roraima e visitou a feira de Boa Vista. Andou pela cidade, ao lado do governador Soldado Sampaio (Republicanos).<\/p>\n\n\n\n<p class=\"wp-block-paragraph\"><strong>Esquerda com Erika<\/strong><\/p>\n\n\n\n<p class=\"wp-block-paragraph\">A Unidade Popular (UP), partido cr\u00edtico \u00e0 pol\u00edtica econ\u00f4mica do governo Lula, decidiu apoiar Erika Kokay, do PT, ao Senado Federal. O apoio, segundo o Professor Guilherme Amorim (foto), tamb\u00e9m candidato ao Senado, se d\u00e1 porque Erika &#8220;sempre se colocou ao lado das lutas dos trabalhadores, contra os processos de privatiza\u00e7\u00e3o e pelo fortalecimento dos movimentos sociais no Distrito Federal&#8221;. Amorim aparece na pesquisa Correio-Intelig\u00eancia Pol\u00edtica, divulgada nesta semana, com 2,2% das inten\u00e7\u00f5es de votos. Ele vai pregar o segundo voto em Kokay. Quando cada voto vale, pode ser uma ajuda e tanto.<\/p>\n\n\n\n<p class=\"wp-block-paragraph\"><strong>Na carona do bolsonarismo<\/strong><\/p>\n\n\n\n<p class=\"wp-block-paragraph\">Uma an\u00e1lise detalhada dos votos para o Senado indica que a disputa est\u00e1 embolada. Michelle Bolsonaro (PL) e Leila do V\u00f4lei (PDT) lideram com, respectivamente, 21% e 17,8%, segundo a pesquisa&nbsp;<strong>Correio<\/strong>-Opini\u00e3o Intelig\u00eancia pol\u00edtica. Mas o segundo voto pode alterar o resultado. Bia Kicis, por exemplo, que aparece com 11,6%, tenta conquistar o eleitorado que vota em Michelle e Leila. Para isso, faz campanha com o discurso bolsonarista e imagens com o filho do ex-presidente Jair Bolsonaro, Fl\u00e1vio Bolsonaro.<\/p>\n\n\n\n<p class=\"wp-block-paragraph\"><strong>Herdeira de parte do esp\u00f3lio<\/strong><\/p>\n\n\n\n<p class=\"wp-block-paragraph\">Se a candidatura de Jos\u00e9 Roberto Arruda (PSD) n\u00e3o prosperar na Justi\u00e7a Eleitoral, a candidata Paula Belmonte (PSDB) pode crescer. No cen\u00e1rio testado pela pesquisa&nbsp;<strong>Correio<\/strong>-Opini\u00e3o Intelig\u00eancia Pol\u00edtica sem Arruda na disputa, a tucana chega a 7%. Com ele, Paula aparece com 3,5%.<\/p>\n\n\n\n<p class=\"wp-block-paragraph\"><strong>Cury \u00e9 a surpresa das \u00faltimas semanas<\/strong><\/p>\n\n\n\n<p class=\"wp-block-paragraph\">A novidade da campanha presidencial nos \u00faltimos dias foi o crescimento do candidato Augusto Cury (Avante) tornando-se o principal nome da terceira via. Ainda distante da polariza\u00e7\u00e3o entre o presidente Lula (PT) e Fl\u00e1vio Bolsonaro (PL), mas na frente, por exemplo, de dois ex-governadores bem avaliados em seus estados: Ronaldo Caiado (PSD), de Goi\u00e1s, e Romeu Zema (Novo), de Minas Gerais. Esse desempenho do psiquiatra e autor de best sellers foi registrado tamb\u00e9m entre o eleitorado do Distrito Federal, segundo revelou pesquisa&nbsp;<strong>Correio<\/strong>-Opini\u00e3o Intelig\u00eancia Pol\u00edtica, publicada quinta-feira. O levantamento, que foi a campo entre 29 e 31 de agosto, de forma presencial, indicou que Cury tem 10,9% das inten\u00e7\u00f5es de votos. Fl\u00e1vio lidera com 35,4% e Lula est\u00e1 em segundo com 29,3%. Caiado aparece com 8,3%, Renan Santos (Miss\u00e3o), 2,7% e Zema, 1,7%. A margem de erro \u00e9 de 3 pontos percentuais para mais ou para menos.<\/p>\n\n\n\n<p class=\"wp-block-paragraph\"><br><strong>Mandou bem<br><\/strong>O cantor Dinho Ouro Preto, ao se apresentar na noite de sexta-feira no Rock in Rio, dedicou a c\u00e9lebre m\u00fasica de Renato Russo \u201cQue pa\u00eds \u00e9 esse\u201d a Daniel Vorcaro, aos ministros do STF e aos pol\u00edticos de todas as ideologias que, segundo ele, devem explica\u00e7\u00f5es ao Brasil.<\/p>\n\n\n\n<p class=\"wp-block-paragraph\"><strong>Mandou mal<br><\/strong>O STF vive uma crise sem precedentes de credibilidade. Integrantes da Corte Suprema do Pa\u00eds trocam acusa\u00e7\u00f5es de suspeitas de corrup\u00e7\u00e3o e deixam o pa\u00eds perplexo com as informa\u00e7\u00f5es divulgadas. No meio do chumbo trocado, a os cidad\u00e3os n\u00e3o sabem mais em quem confiar.<\/p>\n\n\n\n<p class=\"wp-block-paragraph\"><strong>Enquanto isso\u2026 Na sala de Justi\u00e7a\u2026<\/strong><\/p>\n\n\n\n<p class=\"wp-block-paragraph\">Surgiu uma nova forma de fraude relacionada \u00e0 Justi\u00e7a: o falso contato judicial. Criminosos ousados se passam por ju\u00edzes, servidores, advogados ou representantes da Defensoria P\u00fablica ou do Minist\u00e9rio P\u00fablico e abordam as pessoas para arrancar dinheiro por meio de pagamentos ou transfer\u00eancias indevidas.O trambique \u00e9 parecido com o chamado \u201cgolpe do falso advogado\u201d, no qual criminosos usam informa\u00e7\u00f5es de processos judiciais para tornar a abordagem convincente. No novo formato, eles entram em contato por WhatsApp, e-mail, liga\u00e7\u00e3o ou v\u00eddeo. Segundo o TJDFT, h\u00e1 relatos at\u00e9 de simula\u00e7\u00e3o de uma audi\u00eancia on-line. Os criminosos virtuais apresentaram nomes, fotografias, logotipos e dados verdadeiros para dar apar\u00eancia de que a comunica\u00e7\u00e3o era verdadeira. A maior parte dos alvos desse tipo de golpe tramita nos Juizados Especiais, onde h\u00e1 situa\u00e7\u00f5es em que o interessado pode atuar no processo sem advogado. Golpistas podem inventar taxas, despesas ou outras justificativas relacionadas ao processo e pressionar a pessoa a fazer pagamentos ou transfer\u00eancias.<\/p>\n\n\n\n<p class=\"wp-block-paragraph\"><\/p>\n","protected":false},"excerpt":{"rendered":"<p>ANA MARIA CAMPOS O presidente do Tribunal de Contas do DF, Manoel de Andrade, completou 73 anos e celebrou com uma festa que reuniu amigos e aliados. No mundo pol\u00edtico, a data chama a aten\u00e7\u00e3o porque agora faltam apenas dois anos para a aposentadoria compuls\u00f3ria do conselheiro que est\u00e1 h\u00e1 26 anos na Corte. Um dos nomes que tem sido [&hellip;]<\/p>\n","protected":false},"author":166,"featured_media":29593,"comment_status":"open","ping_status":"closed","sticky":false,"template":"","format":"standard","meta":{"footnotes":""},"categories":[234],"tags":[],"class_list":["post-29592","post","type-post","status-publish","format-standard","has-post-thumbnail","hentry","category-cb-poder"],"_links":{"self":[{"href":"https:\/\/blogs.correiobraziliense.com.br\/cbpoder\/wp-json\/wp\/v2\/posts\/29592","targetHints":{"allow":["GET"]}}],"collection":[{"href":"https:\/\/blogs.correiobraziliense.com.br\/cbpoder\/wp-json\/wp\/v2\/posts"}],"about":[{"href":"https:\/\/blogs.correiobraziliense.com.br\/cbpoder\/wp-json\/wp\/v2\/types\/post"}],"author":[{"embeddable":true,"href":"https:\/\/blogs.correiobraziliense.com.br\/cbpoder\/wp-json\/wp\/v2\/users\/166"}],"replies":[{"embeddable":true,"href":"https:\/\/blogs.correiobraziliense.com.br\/cbpoder\/wp-json\/wp\/v2\/comments?post=29592"}],"version-history":[{"count":2,"href":"https:\/\/blogs.correiobraziliense.com.br\/cbpoder\/wp-json\/wp\/v2\/posts\/29592\/revisions"}],"predecessor-version":[{"id":29595,"href":"https:\/\/blogs.correiobraziliense.com.br\/cbpoder\/wp-json\/wp\/v2\/posts\/29592\/revisions\/29595"}],"wp:featuredmedia":[{"embeddable":true,"href":"https:\/\/blogs.correiobraziliense.com.br\/cbpoder\/wp-json\/wp\/v2\/media\/29593"}],"wp:attachment":[{"href":"https:\/\/blogs.correiobraziliense.com.br\/cbpoder\/wp-json\/wp\/v2\/media?parent=29592"}],"wp:term":[{"taxonomy":"category","embeddable":true,"href":"https:\/\/blogs.correiobraziliense.com.br\/cbpoder\/wp-json\/wp\/v2\/categories?post=29592"},{"taxonomy":"post_tag","embeddable":true,"href":"https:\/\/blogs.correiobraziliense.com.br\/cbpoder\/wp-json\/wp\/v2\/tags?post=29592"}],"curies":[{"name":"wp","href":"https:\/\/api.w.org\/{rel}","templated":true}]}}