{"id":29588,"date":"2026-09-05T08:42:43","date_gmt":"2026-09-05T11:42:43","guid":{"rendered":"https:\/\/blogs.correiobraziliense.com.br\/cbpoder\/?p=29588"},"modified":"2026-09-05T08:42:44","modified_gmt":"2026-09-05T11:42:44","slug":"veja-quanto-as-campanhas-ao-gdf-receberam-ate-agora","status":"publish","type":"post","link":"https:\/\/blogs.correiobraziliense.com.br\/cbpoder\/veja-quanto-as-campanhas-ao-gdf-receberam-ate-agora\/","title":{"rendered":"Veja quanto as campanhas\u00a0ao GDF receberam at\u00e9 agora"},"content":{"rendered":"\n<p class=\"wp-block-paragraph\">ANA MARIA CAMPOS<\/p>\n\n\n\n<p class=\"wp-block-paragraph\">A governadora Celina Le\u00e3o (PP) \u00e9 a candidata ao GDF mais bem aquinhoada pelo partido com recursos para a campanha eleitoral. At\u00e9 agora, a dire\u00e7\u00e3o nacional do PP repassou R$ 6,9 milh\u00f5es, segundo dados enviados \u00e0 Justi\u00e7a Eleitoral. O segundo com mais doa\u00e7\u00f5es partid\u00e1rias \u00e9 Jos\u00e9 Roberto Arruda (PSD), que recebeu R$ 3 milh\u00f5es da dire\u00e7\u00e3o nacional do PSD. O PT liberou R$ 2.139.554,74 para a candidatura de Leandro Grass, que recebeu tamb\u00e9m, at\u00e9 o momento, R$ 4.898,00 de financiamento coletivo. Na ordem dos que mais receberam apoio financeiro do partido, a deputada Paula Belmonte (PSDB) est\u00e1 em quarto. A campanha recebeu R$ 1,1 milh\u00e3o, al\u00e9m de duas contribui\u00e7\u00f5es de pessoas f\u00edsicas. A pr\u00f3pria Paula doou R$ 45 mil do pr\u00f3prio bolso e o vice na chapa, o juiz aposentado Everardo Alves Ribeiro (PSDB), doou R$ 200 mil. Professor Robson declarou R$ 20 mil oriundos do PSTU. Os demais candidatos n\u00e3o receberam dinheiro do comando partid\u00e1rio. O advogado Kiko Caputo (Novo) declarou ter recebido at\u00e9 agora R$ 639,5 mil em doa\u00e7\u00f5es, sendo R$ 239,5 mil repassados por ele mesmo para a campanha.<\/p>\n\n\n\n<p class=\"wp-block-paragraph\"><strong>Gesto simb\u00f3lico e di\u00e1logo reaberto<\/strong><\/p>\n\n\n\n<p class=\"wp-block-paragraph\">A primeira audi\u00eancia da governadora Celina Le\u00e3o no CAD-DF (o novo Centro Administrativo) foi com o Conselho de Sa\u00fade do Distrito Federal, uma escolha simb\u00f3lica. Discutiu o tema com os representantes do \u00f3rg\u00e3o reiniciando um di\u00e1logo interrompido h\u00e1 mais de sete anos. Na pauta do encontro, as condi\u00e7\u00f5es de trabalho dos profissionais da \u00e1rea, a baixa remunera\u00e7\u00e3o salarial de alguns segmentos das categorias e a necessidade da retomada das conversas. Participaram da reuni\u00e3o com a governadora&nbsp;o presidente do Conselho, Domingos de Brito Filho&nbsp;e M\u00e1rcio da Mata Souza, membro da mesa diretora e representante dos trabalhadores no \u00f3rg\u00e3o. Estiveram presentes, ainda, Jorge Henrique de Sousa e Silva Filho, presidente do Sindicato dos Enfermeiros, e Marli Rodrigues, presidente do SindSa\u00fade-DF.<\/p>\n\n\n\n<p class=\"wp-block-paragraph\"><strong>Eduardo Cunha e Arruda\u00a0sem registro<\/strong><\/p>\n\n\n\n<p class=\"wp-block-paragraph\">Por ironia do destino, o TRE-MG julgou inconstitucional, no momento do registro da candidatura do ex-presidente da C\u00e2mara, Eduardo Cunha, a Lei 219\/2025 idealizada por ele para reduzir o tempo de inelegibilidades de pol\u00edticos condenados ou que renunciaram. No DF, ao julgar o caso de Arruda, o TRE-DF levou em conta o enquadramento da situa\u00e7\u00e3o jur\u00eddica do ex-governador nas novas regras de inelegibilidades e negou o registro. Com Cunha, a Justi\u00e7a de Minas foi al\u00e9m. Mas os dois ficam na campanha at\u00e9 uma decis\u00e3o final.<\/p>\n\n\n\n<p class=\"wp-block-paragraph\"><strong>Em defesa da Lei da Ficha Limpa<\/strong><\/p>\n\n\n\n<p class=\"wp-block-paragraph\">O Movimento de Combate \u00e0 Corrup\u00e7\u00e3o Eleitoral (MCCE) divulgou, ontem, nota p\u00fablica sobre as recentes decis\u00f5es da Justi\u00e7a Eleitoral que indeferiram os registros das candidaturas de Jos\u00e9 Roberto Arruda, ao Governo do Distrito Federal, e de Eduardo Cunha, a deputado federal por Minas Gerais. &#8220;A Lei da Ficha Limpa nasceu da mobiliza\u00e7\u00e3o de mais de um milh\u00e3o e meio de eleitoras e eleitores e representa uma das mais importantes conquistas da sociedade civil no fortalecimento da democracia e da integridade eleitoral. Sua finalidade n\u00e3o \u00e9 estabelecer puni\u00e7\u00e3o adicional, mas proteger o processo eleitoral e assegurar crit\u00e9rios de probidade e moralidade para aqueles que pretendem exercer<br>fun\u00e7\u00f5es p\u00fablicas por meio do voto&#8221;, registraram.<\/p>\n\n\n\n<p class=\"wp-block-paragraph\"><strong>Trajet\u00f3ria em defesa da educa\u00e7\u00e3o e da diversidade<\/strong><\/p>\n\n\n\n<p class=\"wp-block-paragraph\">Uma das apostas do PSol para deputada distrital nessa elei\u00e7\u00e3o \u00e9 a professora Patty Ramiro. Moradora de Sobradinho, Patty tem uma longa trajet\u00f3ria em defesa da educa\u00e7\u00e3o. S\u00e3o mais de 30 anos de luta pela valoriza\u00e7\u00e3o dos professores. M\u00e3e de duas pessoas trans, a educadora tamb\u00e9m faz da pauta LGBTQIA uma causa de vida. Caso eleita, Patty vai defender os direitos da comunidade e atuar para que o acordo de greve dos professores seja cumprido.<\/p>\n\n\n\n<p class=\"wp-block-paragraph\"><strong>A fila n\u00e3o anda<\/strong><\/p>\n\n\n\n<p class=\"wp-block-paragraph\">O Minist\u00e9rio P\u00fablico do Distrito Federal e Territ\u00f3rios (MPDFT) recomendou que a Secretaria de Sa\u00fade do DF apresente um plano de a\u00e7\u00e3o para ampliar a oferta de vagas de consultas em ortopedia, principalmente para problemas de coluna. A recomenda\u00e7\u00e3o foi expedida pela 2\u00aa Promotoria de Justi\u00e7a de Defesa da Sa\u00fade (Prosus), sob o comando do promotor Clayton Germano (foto). Segundo informa\u00e7\u00f5es requisitadas pela Prosus \u00e0 Secretaria de Sa\u00fade, mais de 25 mil pessoas aguardam na fila por uma consulta nesta especialidade. Desse total, mais de 21 mil est\u00e3o classificadas como risco amarelo. H\u00e1 pacientes que aguardam atendimento desde 2021.<\/p>\n\n\n\n<p class=\"wp-block-paragraph\"><strong>Dois candidatos disputam elei\u00e7\u00e3o para procurador-geral de justi\u00e7a do DF<\/strong><\/p>\n\n\n\n<p class=\"wp-block-paragraph\">Apenas dois candidatos se apresentaram para a disputa ao cargo de procurador-geral de justi\u00e7a do DF. As inscri\u00e7\u00f5es foram encerradas \u00e0s 19h de ontem. Concorrem ao pleito a promotora de justi\u00e7a Claudia Braga Tomelin e o promotor de Justi\u00e7a Libanio Alves Rodrigues. Como foram registradas apenas duas candidaturas, os dois nomes poder\u00e3o integrar a lista a ser encaminhada \u00e0 Procuradoria-Geral da Rep\u00fablica ap\u00f3s a vota\u00e7\u00e3o em 6 de outubro. A campanha eleitoral come\u00e7a hoje e vai at\u00e9 5 de outubro, com debate entre os candidatos previsto para 24 de setembro. O pr\u00f3ximo procurador ou procuradora-geral de justi\u00e7a ter\u00e1 mandato de dois anos, a partir da posse.<\/p>\n\n\n\n<p class=\"wp-block-paragraph\"><strong>Estande da Vale ganha\u00a0nova vida no Rock in Rio<\/strong><\/p>\n\n\n\n<p class=\"wp-block-paragraph\">Nem toda estrutura de festival precisa terminar desmontada e descartada. No Rock in Rio, a Vale reutilizou seu estande em formato de vit\u00f3ria-r\u00e9gia, produzido para o The Town, 2025, em S\u00e3o Paulo, e adotou as florestas como eixo de sua presen\u00e7a no evento que come\u00e7a neste fim de semana no Rio. \u00c9 uma experi\u00eancia imersiva com imagens reais da Amaz\u00f4nia e Mata Atl\u00e2ntica. A escolha tamb\u00e9m aparece no in\u00e9dito espet\u00e1culo ECCO, que re\u00fane arte, natureza e tecnologia.<\/p>\n","protected":false},"excerpt":{"rendered":"<p>ANA MARIA CAMPOS A governadora Celina Le\u00e3o (PP) \u00e9 a candidata ao GDF mais bem aquinhoada pelo partido com recursos para a campanha eleitoral. At\u00e9 agora, a dire\u00e7\u00e3o nacional do PP repassou R$ 6,9 milh\u00f5es, segundo dados enviados \u00e0 Justi\u00e7a Eleitoral. O segundo com mais doa\u00e7\u00f5es partid\u00e1rias \u00e9 Jos\u00e9 Roberto Arruda (PSD), que recebeu R$ 3 milh\u00f5es da dire\u00e7\u00e3o nacional [&hellip;]<\/p>\n","protected":false},"author":166,"featured_media":29589,"comment_status":"open","ping_status":"closed","sticky":false,"template":"","format":"standard","meta":{"footnotes":""},"categories":[234],"tags":[],"class_list":["post-29588","post","type-post","status-publish","format-standard","has-post-thumbnail","hentry","category-cb-poder"],"_links":{"self":[{"href":"https:\/\/blogs.correiobraziliense.com.br\/cbpoder\/wp-json\/wp\/v2\/posts\/29588","targetHints":{"allow":["GET"]}}],"collection":[{"href":"https:\/\/blogs.correiobraziliense.com.br\/cbpoder\/wp-json\/wp\/v2\/posts"}],"about":[{"href":"https:\/\/blogs.correiobraziliense.com.br\/cbpoder\/wp-json\/wp\/v2\/types\/post"}],"author":[{"embeddable":true,"href":"https:\/\/blogs.correiobraziliense.com.br\/cbpoder\/wp-json\/wp\/v2\/users\/166"}],"replies":[{"embeddable":true,"href":"https:\/\/blogs.correiobraziliense.com.br\/cbpoder\/wp-json\/wp\/v2\/comments?post=29588"}],"version-history":[{"count":1,"href":"https:\/\/blogs.correiobraziliense.com.br\/cbpoder\/wp-json\/wp\/v2\/posts\/29588\/revisions"}],"predecessor-version":[{"id":29590,"href":"https:\/\/blogs.correiobraziliense.com.br\/cbpoder\/wp-json\/wp\/v2\/posts\/29588\/revisions\/29590"}],"wp:featuredmedia":[{"embeddable":true,"href":"https:\/\/blogs.correiobraziliense.com.br\/cbpoder\/wp-json\/wp\/v2\/media\/29589"}],"wp:attachment":[{"href":"https:\/\/blogs.correiobraziliense.com.br\/cbpoder\/wp-json\/wp\/v2\/media?parent=29588"}],"wp:term":[{"taxonomy":"category","embeddable":true,"href":"https:\/\/blogs.correiobraziliense.com.br\/cbpoder\/wp-json\/wp\/v2\/categories?post=29588"},{"taxonomy":"post_tag","embeddable":true,"href":"https:\/\/blogs.correiobraziliense.com.br\/cbpoder\/wp-json\/wp\/v2\/tags?post=29588"}],"curies":[{"name":"wp","href":"https:\/\/api.w.org\/{rel}","templated":true}]}}