{"id":29582,"date":"2026-09-04T18:40:52","date_gmt":"2026-09-04T21:40:52","guid":{"rendered":"https:\/\/blogs.correiobraziliense.com.br\/cbpoder\/?p=29582"},"modified":"2026-09-04T18:44:48","modified_gmt":"2026-09-04T21:44:48","slug":"tre-mg-nega-registro-de-candidatura-de-eduardo-cunha","status":"publish","type":"post","link":"https:\/\/blogs.correiobraziliense.com.br\/cbpoder\/tre-mg-nega-registro-de-candidatura-de-eduardo-cunha\/","title":{"rendered":"TRE-MG nega registro de candidatura de Eduardo Cunha"},"content":{"rendered":"\n<p class=\"wp-block-paragraph\">ANA MARIA CAMPOS<\/p>\n\n\n\n<p class=\"wp-block-paragraph\">Assim como ocorreu com Jos\u00e9 Roberto Arruda (PSD), o Tribunal Regional Eleitoral de Minas Gerais (TRE-MG) negou o registro da candidatura a deputado federal do ex-presidente da C\u00e2mara dos Deputados Eduardo Cunha (Republicanos), que tenta retornar \u00e0 vida p\u00fablica amparado pela Lei Complementar 219\/2025. O dispositivo altera a Lei da Ficha Limpa. <\/p>\n\n\n\n<p class=\"wp-block-paragraph\">No caso de Arruda, o TRE-DF, por unanimidade, considerou que as novas regras n\u00e3o se aplicam \u00e0 situa\u00e7\u00e3o jur\u00eddica dele. Ao analisar a impugna\u00e7\u00e3o proposta pelo Minist\u00e9rio P\u00fablico Eleitoral de Minas Gerais, o TRE-MG foi al\u00e9m. Considerou, por unanimidade, a inconstitucionalidade da Lei Complementar 219\/2025. O tema \u00e9 objeto de a\u00e7\u00e3o direta de inconstitucionalidade, proposta pela Rede Sustentabilidade contra a lei, em tramita\u00e7\u00e3o no Supremo Tribunal Federal (STF).<\/p>\n\n\n\n<p class=\"wp-block-paragraph\">O julgamento da a\u00e7\u00e3o foi iniciado no primeiro semestre e recebeu, em plen\u00e1rio virtual, dois votos parcialmente favor\u00e1veis: da relatora, ministra C\u00e1rmen L\u00facia, e do ministro Luiz Fux. O ministro Gilmar Mendes pediu vista em maio, para analisar os fundamentos, e devolveu o processo para ser retomado o julgamento entre 11 e 18 de setembro.<\/p>\n\n\n\n<p class=\"wp-block-paragraph\">Por isso, a defesa de Eduardo Cunha pediu o adiamento do julgamento do requerimento de registro de sua candidatura at\u00e9 que o STF feche uma posi\u00e7\u00e3o sobre a constitucionalidade ou inconstitucionalidade da Lei 219\/2025. Mas o relator do processo, desembargador S\u00e1lvio Chaves, negou o pedido, com a concord\u00e2ncia dos demais integrantes da Corte.<\/p>\n\n\n\n<p class=\"wp-block-paragraph\">A declara\u00e7\u00e3o de incostitucionalidade da Lei 219\/2025 no registro da candidatura de Eduardo Cunha \u00e9 uma ironia. A ideia de alterar a Lei da Ficha Limpa para reduzir os prazos de inelegibilidades de pol\u00edticos condenados ou que renunciaram ao mandato partiu de Cunha que, por interm\u00e9dio da filha, a deputada Dani Cunha (PL-RJ), autora do projeto, viu a mat\u00e9ria ser aprovada no Congresso.<\/p>\n\n\n\n<p class=\"wp-block-paragraph\">Como Arruda, Eduardo Cunha vai recorrer ao Tribunal Superior Eleitoral (TSE). Enquanto n\u00e3o h\u00e1 uma decis\u00e3o final, eles poder\u00e3o fazer campanha, receber recursos partid\u00e1rios e aparecer na propaganda eleitoral.<\/p>\n\n\n\n<p class=\"wp-block-paragraph\"> <\/p>\n","protected":false},"excerpt":{"rendered":"<p>ANA MARIA CAMPOS Assim como ocorreu com Jos\u00e9 Roberto Arruda (PSD), o Tribunal Regional Eleitoral de Minas Gerais (TRE-MG) negou o registro da candidatura a deputado federal do ex-presidente da C\u00e2mara dos Deputados Eduardo Cunha (Republicanos), que tenta retornar \u00e0 vida p\u00fablica amparado pela Lei Complementar 219\/2025. O dispositivo altera a Lei da Ficha Limpa. No caso de Arruda, o [&hellip;]<\/p>\n","protected":false},"author":9,"featured_media":29583,"comment_status":"open","ping_status":"closed","sticky":false,"template":"","format":"standard","meta":{"footnotes":""},"categories":[234],"tags":[42,2705,3995,367],"class_list":["post-29582","post","type-post","status-publish","format-standard","has-post-thumbnail","hentry","category-cb-poder","tag-arruda","tag-eduardo-cunha","tag-inelegivel","tag-tre"],"_links":{"self":[{"href":"https:\/\/blogs.correiobraziliense.com.br\/cbpoder\/wp-json\/wp\/v2\/posts\/29582","targetHints":{"allow":["GET"]}}],"collection":[{"href":"https:\/\/blogs.correiobraziliense.com.br\/cbpoder\/wp-json\/wp\/v2\/posts"}],"about":[{"href":"https:\/\/blogs.correiobraziliense.com.br\/cbpoder\/wp-json\/wp\/v2\/types\/post"}],"author":[{"embeddable":true,"href":"https:\/\/blogs.correiobraziliense.com.br\/cbpoder\/wp-json\/wp\/v2\/users\/9"}],"replies":[{"embeddable":true,"href":"https:\/\/blogs.correiobraziliense.com.br\/cbpoder\/wp-json\/wp\/v2\/comments?post=29582"}],"version-history":[{"count":2,"href":"https:\/\/blogs.correiobraziliense.com.br\/cbpoder\/wp-json\/wp\/v2\/posts\/29582\/revisions"}],"predecessor-version":[{"id":29586,"href":"https:\/\/blogs.correiobraziliense.com.br\/cbpoder\/wp-json\/wp\/v2\/posts\/29582\/revisions\/29586"}],"wp:featuredmedia":[{"embeddable":true,"href":"https:\/\/blogs.correiobraziliense.com.br\/cbpoder\/wp-json\/wp\/v2\/media\/29583"}],"wp:attachment":[{"href":"https:\/\/blogs.correiobraziliense.com.br\/cbpoder\/wp-json\/wp\/v2\/media?parent=29582"}],"wp:term":[{"taxonomy":"category","embeddable":true,"href":"https:\/\/blogs.correiobraziliense.com.br\/cbpoder\/wp-json\/wp\/v2\/categories?post=29582"},{"taxonomy":"post_tag","embeddable":true,"href":"https:\/\/blogs.correiobraziliense.com.br\/cbpoder\/wp-json\/wp\/v2\/tags?post=29582"}],"curies":[{"name":"wp","href":"https:\/\/api.w.org\/{rel}","templated":true}]}}