{"id":29578,"date":"2026-09-03T19:34:06","date_gmt":"2026-09-03T22:34:06","guid":{"rendered":"https:\/\/blogs.correiobraziliense.com.br\/cbpoder\/?p=29578"},"modified":"2026-09-03T19:34:07","modified_gmt":"2026-09-03T22:34:07","slug":"arruda-se-eu-tivesse-matado-alguem-ja-estaria-livre","status":"publish","type":"post","link":"https:\/\/blogs.correiobraziliense.com.br\/cbpoder\/arruda-se-eu-tivesse-matado-alguem-ja-estaria-livre\/","title":{"rendered":"Arruda: &#8220;Se eu tivesse matado algu\u00e9m, j\u00e1 estaria livre&#8221;"},"content":{"rendered":"\n<p class=\"wp-block-paragraph\">ANA MARIA CAMPOS<\/p>\n\n\n\n<p class=\"wp-block-paragraph\">&#8220;Se eu tivesse matado algu\u00e9m, j\u00e1 estaria livre&#8221;. A declara\u00e7\u00e3o \u00e9 do ex-governador Jos\u00e9 Roberto Arruda (PSD), que acaba de ter a candidatura ao Pal\u00e1cio do Buriti indeferida por unanimidade pelo Tribunal Regional Eleitoral (TRE-DF). Seguindo o voto do relator, desembargador Guilherme Pupe, os magistrados consideraram que os benef\u00edcios da Lei 219\/2025 n\u00e3o atingem a situa\u00e7\u00e3o de Arruda, que permanece ineleg\u00edvel at\u00e9 dezembro de 2030.<\/p>\n\n\n\n<p class=\"wp-block-paragraph\">Arruda est\u00e1 fora das disputas eleitorais desde 2010. Em 2014, ele chegou a pedir o registro da candidatura ao GDF, mas foi impedido pela Lei da Ficha Limpa por conta da primeira condena\u00e7\u00e3o em segunda inst\u00e2ncia em a\u00e7\u00e3o de improbidade administrativa da Opera\u00e7\u00e3o Caixa de Pandora. Com o entendimento do TRE-DF, o ex-governador estar\u00e1 ineleg\u00edvel por pelo menos mais quatro anos e s\u00f3 poder\u00e1 concorrer novamente em 2034 &#8212; se n\u00e3o ocorrer uma nova condena\u00e7\u00e3o.<\/p>\n\n\n\n<p class=\"wp-block-paragraph\">Arruda disse que vai recorrer ao Tribunal Superior Eleitoral (TSE) o mais rapidamente poss\u00edvel e continua normalmente em campanha. Hoje (03\/09), ele estava em campanha em Ceil\u00e2ndia. &#8220;A minha candidatura foi registrada de acordo com a legisla\u00e7\u00e3o em vigor. Mas o TRE-DF, que respeito muito, decidiu reescrever a lei, o que \u00e9 muito ruim para a pr\u00f3pria imagem da Justi\u00e7a&#8221;, acrescentou.<\/p>\n\n\n\n<p class=\"wp-block-paragraph\"><\/p>\n\n\n\n<p class=\"wp-block-paragraph\"><\/p>\n","protected":false},"excerpt":{"rendered":"<p>ANA MARIA CAMPOS &#8220;Se eu tivesse matado algu\u00e9m, j\u00e1 estaria livre&#8221;. A declara\u00e7\u00e3o \u00e9 do ex-governador Jos\u00e9 Roberto Arruda (PSD), que acaba de ter a candidatura ao Pal\u00e1cio do Buriti indeferida por unanimidade pelo Tribunal Regional Eleitoral (TRE-DF). Seguindo o voto do relator, desembargador Guilherme Pupe, os magistrados consideraram que os benef\u00edcios da Lei 219\/2025 n\u00e3o atingem a situa\u00e7\u00e3o de [&hellip;]<\/p>\n","protected":false},"author":9,"featured_media":27374,"comment_status":"open","ping_status":"closed","sticky":false,"template":"","format":"standard","meta":{"footnotes":""},"categories":[234],"tags":[],"class_list":["post-29578","post","type-post","status-publish","format-standard","has-post-thumbnail","hentry","category-cb-poder"],"_links":{"self":[{"href":"https:\/\/blogs.correiobraziliense.com.br\/cbpoder\/wp-json\/wp\/v2\/posts\/29578","targetHints":{"allow":["GET"]}}],"collection":[{"href":"https:\/\/blogs.correiobraziliense.com.br\/cbpoder\/wp-json\/wp\/v2\/posts"}],"about":[{"href":"https:\/\/blogs.correiobraziliense.com.br\/cbpoder\/wp-json\/wp\/v2\/types\/post"}],"author":[{"embeddable":true,"href":"https:\/\/blogs.correiobraziliense.com.br\/cbpoder\/wp-json\/wp\/v2\/users\/9"}],"replies":[{"embeddable":true,"href":"https:\/\/blogs.correiobraziliense.com.br\/cbpoder\/wp-json\/wp\/v2\/comments?post=29578"}],"version-history":[{"count":1,"href":"https:\/\/blogs.correiobraziliense.com.br\/cbpoder\/wp-json\/wp\/v2\/posts\/29578\/revisions"}],"predecessor-version":[{"id":29579,"href":"https:\/\/blogs.correiobraziliense.com.br\/cbpoder\/wp-json\/wp\/v2\/posts\/29578\/revisions\/29579"}],"wp:featuredmedia":[{"embeddable":true,"href":"https:\/\/blogs.correiobraziliense.com.br\/cbpoder\/wp-json\/wp\/v2\/media\/27374"}],"wp:attachment":[{"href":"https:\/\/blogs.correiobraziliense.com.br\/cbpoder\/wp-json\/wp\/v2\/media?parent=29578"}],"wp:term":[{"taxonomy":"category","embeddable":true,"href":"https:\/\/blogs.correiobraziliense.com.br\/cbpoder\/wp-json\/wp\/v2\/categories?post=29578"},{"taxonomy":"post_tag","embeddable":true,"href":"https:\/\/blogs.correiobraziliense.com.br\/cbpoder\/wp-json\/wp\/v2\/tags?post=29578"}],"curies":[{"name":"wp","href":"https:\/\/api.w.org\/{rel}","templated":true}]}}