{"id":29570,"date":"2026-09-02T12:49:08","date_gmt":"2026-09-02T15:49:08","guid":{"rendered":"https:\/\/blogs.correiobraziliense.com.br\/cbpoder\/?p=29570"},"modified":"2026-09-02T12:49:09","modified_gmt":"2026-09-02T15:49:09","slug":"candidatura-de-arruda-vai-a-julgamento-nesta-quinta-feira-pelo-tre-df","status":"publish","type":"post","link":"https:\/\/blogs.correiobraziliense.com.br\/cbpoder\/candidatura-de-arruda-vai-a-julgamento-nesta-quinta-feira-pelo-tre-df\/","title":{"rendered":"Candidatura de Arruda vai a julgamento nesta quinta-feira pelo TRE-DF"},"content":{"rendered":"\n<p class=\"wp-block-paragraph\">ANA MARIA CAMPOS<\/p>\n\n\n\n<p class=\"wp-block-paragraph\">O requerimento de registro de candidatura de Jos\u00e9 Roberto Arruda ser\u00e1 julgado pelo TRE-DF nesta quinta-feira (03\/09).  O plen\u00e1rio da Corte vai decidir se o ex-governador do Distrito Federal, que est\u00e1 fora de disputas eleitorais h\u00e1 16 anos, poder\u00e1 concorrer ao pleito de outubro.<\/p>\n\n\n\n<p class=\"wp-block-paragraph\">Os principais pontos a serem enfrentados pelo Tribunal dizem respeito \u00e0 interpreta\u00e7\u00e3o que ser\u00e1 dada \u00e0 recente mudan\u00e7a na Lei da Ficha Limpa, com a entrada em vigor da Lei Complementar 219\/2025, e \u00e0 exist\u00eancia ou n\u00e3o de conex\u00e3o entre as a\u00e7\u00f5es de improbidade em que Arruda foi condenado. A conex\u00e3o ocorre quando diferentes a\u00e7\u00f5es possuem os mesmos fatos. <\/p>\n\n\n\n<p class=\"wp-block-paragraph\">A depender do entendimento do Tribunal, Arruda pode estar eleg\u00edvel ou ineleg\u00edvel at\u00e9 2030 ou, mesmo, 2034, como sustenta o procurador regional eleitoral do DF, Francisco Guilherme Vollstedt Bastos. <\/p>\n\n\n\n<p class=\"wp-block-paragraph\">A defesa de Arruda sustenta que a situa\u00e7\u00e3o dele est\u00e1 totalmente enquadrada nas novas regras de inelegibilidade porque as seis condena\u00e7\u00f5es do ex-governador s\u00e3o decorrentes da Opera\u00e7\u00e3o Caixa de Pandora e, portanto, t\u00eam conex\u00e3o. <\/p>\n\n\n\n<p class=\"wp-block-paragraph\">Segundo a Lei 219\/2025, a pena m\u00e1xima para condena\u00e7\u00f5es em processos relacionados \u00e9 de 12 anos a partir da primeira condena\u00e7\u00e3o colegiada e, portanto, Arruda estaria liberado desde junho deste ano.<\/p>\n","protected":false},"excerpt":{"rendered":"<p>ANA MARIA CAMPOS O requerimento de registro de candidatura de Jos\u00e9 Roberto Arruda ser\u00e1 julgado pelo TRE-DF nesta quinta-feira (03\/09). O plen\u00e1rio da Corte vai decidir se o ex-governador do Distrito Federal, que est\u00e1 fora de disputas eleitorais h\u00e1 16 anos, poder\u00e1 concorrer ao pleito de outubro. Os principais pontos a serem enfrentados pelo Tribunal dizem respeito \u00e0 interpreta\u00e7\u00e3o que [&hellip;]<\/p>\n","protected":false},"author":9,"featured_media":29571,"comment_status":"open","ping_status":"closed","sticky":false,"template":"","format":"standard","meta":{"footnotes":""},"categories":[234],"tags":[],"class_list":["post-29570","post","type-post","status-publish","format-standard","has-post-thumbnail","hentry","category-cb-poder"],"_links":{"self":[{"href":"https:\/\/blogs.correiobraziliense.com.br\/cbpoder\/wp-json\/wp\/v2\/posts\/29570","targetHints":{"allow":["GET"]}}],"collection":[{"href":"https:\/\/blogs.correiobraziliense.com.br\/cbpoder\/wp-json\/wp\/v2\/posts"}],"about":[{"href":"https:\/\/blogs.correiobraziliense.com.br\/cbpoder\/wp-json\/wp\/v2\/types\/post"}],"author":[{"embeddable":true,"href":"https:\/\/blogs.correiobraziliense.com.br\/cbpoder\/wp-json\/wp\/v2\/users\/9"}],"replies":[{"embeddable":true,"href":"https:\/\/blogs.correiobraziliense.com.br\/cbpoder\/wp-json\/wp\/v2\/comments?post=29570"}],"version-history":[{"count":1,"href":"https:\/\/blogs.correiobraziliense.com.br\/cbpoder\/wp-json\/wp\/v2\/posts\/29570\/revisions"}],"predecessor-version":[{"id":29572,"href":"https:\/\/blogs.correiobraziliense.com.br\/cbpoder\/wp-json\/wp\/v2\/posts\/29570\/revisions\/29572"}],"wp:featuredmedia":[{"embeddable":true,"href":"https:\/\/blogs.correiobraziliense.com.br\/cbpoder\/wp-json\/wp\/v2\/media\/29571"}],"wp:attachment":[{"href":"https:\/\/blogs.correiobraziliense.com.br\/cbpoder\/wp-json\/wp\/v2\/media?parent=29570"}],"wp:term":[{"taxonomy":"category","embeddable":true,"href":"https:\/\/blogs.correiobraziliense.com.br\/cbpoder\/wp-json\/wp\/v2\/categories?post=29570"},{"taxonomy":"post_tag","embeddable":true,"href":"https:\/\/blogs.correiobraziliense.com.br\/cbpoder\/wp-json\/wp\/v2\/tags?post=29570"}],"curies":[{"name":"wp","href":"https:\/\/api.w.org\/{rel}","templated":true}]}}