{"id":29333,"date":"2026-08-13T12:21:29","date_gmt":"2026-08-13T15:21:29","guid":{"rendered":"https:\/\/blogs.correiobraziliense.com.br\/cbpoder\/?p=29333"},"modified":"2026-08-13T12:23:52","modified_gmt":"2026-08-13T15:23:52","slug":"cappelli-anuncia-vice-e-apoio-a-leila-do-volei","status":"publish","type":"post","link":"https:\/\/blogs.correiobraziliense.com.br\/cbpoder\/cappelli-anuncia-vice-e-apoio-a-leila-do-volei\/","title":{"rendered":"Cappelli anuncia vice e apoio a Leila do V\u00f4lei"},"content":{"rendered":"<h4>ANA MARIA CAMPOS<\/h4>\n<p>Ricardo Cappelli, candidato do PSB ao Governo do Distrito Federal, anunciou a\u00a0agroec\u00f3loga, pesquisadora e microempreendedora Sofia Carvalho (PSB) como vice em sua chapa.<\/p>\n<p>&nbsp;<\/p>\n<p>Para o Senado, o PSB vai apoiar a reelei\u00e7\u00e3o da senadora Leila do V\u00f4lei (PDT-DF), apesar de o PDT estar coligado com a frente de partidos que apoiam a candidatura de Leandro Grass (PT) ao Pal\u00e1cio do Buriti. \u201cLevaremos sua necess\u00e1ria candidatura para as ruas com a nossa, lutando junto, diariamente\u201d, disse Cappelli a Leila, que acompanhou o an\u00fancio na sede do PSB-DF.<\/p>\n<p>&nbsp;<\/p>\n<p>Sofia Carvalho estava na nominata do PSB como candidata a deputada distrital. Mas foi chamada para compor a chapa.<\/p>\n<p>&nbsp;<\/p>\n<p>\u00c9 a primeira vez que ela disputa uma elei\u00e7\u00e3o, mas tem um exemplo na fam\u00edlia. Ela \u00e9 filha do ex-deputado federal e distrital Augusto Carvalho. \u201cAgroec\u00f3loga, pesquisadora, microempreendedora, m\u00e3e, Sofia conhece como ningu\u00e9m os desafios do campo e da cidade. Ir\u00e1 conosco construir esse projeto ousado e necess\u00e1rio para o DF\u201d, afirmou Cappelli.<\/p>\n","protected":false},"excerpt":{"rendered":"<p>ANA MARIA CAMPOS Ricardo Cappelli, candidato do PSB ao Governo do Distrito Federal, anunciou a\u00a0agroec\u00f3loga, pesquisadora e microempreendedora Sofia Carvalho (PSB) como vice em sua chapa. &nbsp; Para o Senado, o PSB vai apoiar a reelei\u00e7\u00e3o da senadora Leila do V\u00f4lei (PDT-DF), apesar de o PDT estar coligado com a frente de partidos que apoiam a candidatura de Leandro Grass [&hellip;]<\/p>\n","protected":false},"author":9,"featured_media":29332,"comment_status":"open","ping_status":"closed","sticky":false,"template":"","format":"standard","meta":{"footnotes":""},"categories":[234],"tags":[17,3786,16,52,3255,4542,1363],"class_list":["post-29333","post","type-post","status-publish","format-standard","has-post-thumbnail","hentry","category-cb-poder","tag-buriti","tag-eleicoes-2026","tag-gdf","tag-psb","tag-ricardo-cappelli","tag-sofia-carvalho","tag-vice"],"_links":{"self":[{"href":"https:\/\/blogs.correiobraziliense.com.br\/cbpoder\/wp-json\/wp\/v2\/posts\/29333","targetHints":{"allow":["GET"]}}],"collection":[{"href":"https:\/\/blogs.correiobraziliense.com.br\/cbpoder\/wp-json\/wp\/v2\/posts"}],"about":[{"href":"https:\/\/blogs.correiobraziliense.com.br\/cbpoder\/wp-json\/wp\/v2\/types\/post"}],"author":[{"embeddable":true,"href":"https:\/\/blogs.correiobraziliense.com.br\/cbpoder\/wp-json\/wp\/v2\/users\/9"}],"replies":[{"embeddable":true,"href":"https:\/\/blogs.correiobraziliense.com.br\/cbpoder\/wp-json\/wp\/v2\/comments?post=29333"}],"version-history":[{"count":2,"href":"https:\/\/blogs.correiobraziliense.com.br\/cbpoder\/wp-json\/wp\/v2\/posts\/29333\/revisions"}],"predecessor-version":[{"id":29335,"href":"https:\/\/blogs.correiobraziliense.com.br\/cbpoder\/wp-json\/wp\/v2\/posts\/29333\/revisions\/29335"}],"wp:featuredmedia":[{"embeddable":true,"href":"https:\/\/blogs.correiobraziliense.com.br\/cbpoder\/wp-json\/wp\/v2\/media\/29332"}],"wp:attachment":[{"href":"https:\/\/blogs.correiobraziliense.com.br\/cbpoder\/wp-json\/wp\/v2\/media?parent=29333"}],"wp:term":[{"taxonomy":"category","embeddable":true,"href":"https:\/\/blogs.correiobraziliense.com.br\/cbpoder\/wp-json\/wp\/v2\/categories?post=29333"},{"taxonomy":"post_tag","embeddable":true,"href":"https:\/\/blogs.correiobraziliense.com.br\/cbpoder\/wp-json\/wp\/v2\/tags?post=29333"}],"curies":[{"name":"wp","href":"https:\/\/api.w.org\/{rel}","templated":true}]}}