{"id":29329,"date":"2026-08-10T21:08:37","date_gmt":"2026-08-11T00:08:37","guid":{"rendered":"https:\/\/blogs.correiobraziliense.com.br\/cbpoder\/?p=29329"},"modified":"2026-08-10T21:08:37","modified_gmt":"2026-08-11T00:08:37","slug":"celina-confirma-realizacao-do-festival-de-brasilia-2026","status":"publish","type":"post","link":"https:\/\/blogs.correiobraziliense.com.br\/cbpoder\/celina-confirma-realizacao-do-festival-de-brasilia-2026\/","title":{"rendered":"Celina confirma realiza\u00e7\u00e3o do Festival de Bras\u00edlia 2026"},"content":{"rendered":"<h4>ANA MARIA CAMPOS<\/h4>\n<p>A governadora Celina Le\u00e3o (PP) confirmou nesta noite (10\/08), pelas redes sociais, que vai manter a programa\u00e7\u00e3o do 59\u00ba Festival de cinema de Bras\u00edlia, marcado para 11 a 19 de setembro. &#8220;J\u00e1 determinei que a Secretaria de Economia providencie os recursos necess\u00e1rios para o evento&#8221;, garantiu.<\/p>\n<p>&nbsp;<\/p>\n<p>O cancelamento do evento foi divulgado pela r\u00e1dio CBN e confirmado pelo G1 com membros do governo e da organiza\u00e7\u00e3o do festival. Seria a primeira vez em 60 anos que a festa seria cancelada.<\/p>\n<p>&nbsp;<\/p>\n<p>Mas Celina entrou em campo para garantir o festival, considerado &#8220;patrim\u00f4nio imaterial do Distrito Federal&#8221;.<\/p>\n","protected":false},"excerpt":{"rendered":"<p>ANA MARIA CAMPOS A governadora Celina Le\u00e3o (PP) confirmou nesta noite (10\/08), pelas redes sociais, que vai manter a programa\u00e7\u00e3o do 59\u00ba Festival de cinema de Bras\u00edlia, marcado para 11 a 19 de setembro. &#8220;J\u00e1 determinei que a Secretaria de Economia providencie os recursos necess\u00e1rios para o evento&#8221;, garantiu. &nbsp; O cancelamento do evento foi divulgado pela r\u00e1dio CBN e [&hellip;]<\/p>\n","protected":false},"author":9,"featured_media":28519,"comment_status":"open","ping_status":"closed","sticky":false,"template":"","format":"standard","meta":{"footnotes":""},"categories":[234],"tags":[2344,2392],"class_list":["post-29329","post","type-post","status-publish","format-standard","has-post-thumbnail","hentry","category-cb-poder","tag-festival-de-cinema","tag-festival-de-cinema-de-brasilia"],"_links":{"self":[{"href":"https:\/\/blogs.correiobraziliense.com.br\/cbpoder\/wp-json\/wp\/v2\/posts\/29329","targetHints":{"allow":["GET"]}}],"collection":[{"href":"https:\/\/blogs.correiobraziliense.com.br\/cbpoder\/wp-json\/wp\/v2\/posts"}],"about":[{"href":"https:\/\/blogs.correiobraziliense.com.br\/cbpoder\/wp-json\/wp\/v2\/types\/post"}],"author":[{"embeddable":true,"href":"https:\/\/blogs.correiobraziliense.com.br\/cbpoder\/wp-json\/wp\/v2\/users\/9"}],"replies":[{"embeddable":true,"href":"https:\/\/blogs.correiobraziliense.com.br\/cbpoder\/wp-json\/wp\/v2\/comments?post=29329"}],"version-history":[{"count":1,"href":"https:\/\/blogs.correiobraziliense.com.br\/cbpoder\/wp-json\/wp\/v2\/posts\/29329\/revisions"}],"predecessor-version":[{"id":29330,"href":"https:\/\/blogs.correiobraziliense.com.br\/cbpoder\/wp-json\/wp\/v2\/posts\/29329\/revisions\/29330"}],"wp:featuredmedia":[{"embeddable":true,"href":"https:\/\/blogs.correiobraziliense.com.br\/cbpoder\/wp-json\/wp\/v2\/media\/28519"}],"wp:attachment":[{"href":"https:\/\/blogs.correiobraziliense.com.br\/cbpoder\/wp-json\/wp\/v2\/media?parent=29329"}],"wp:term":[{"taxonomy":"category","embeddable":true,"href":"https:\/\/blogs.correiobraziliense.com.br\/cbpoder\/wp-json\/wp\/v2\/categories?post=29329"},{"taxonomy":"post_tag","embeddable":true,"href":"https:\/\/blogs.correiobraziliense.com.br\/cbpoder\/wp-json\/wp\/v2\/tags?post=29329"}],"curies":[{"name":"wp","href":"https:\/\/api.w.org\/{rel}","templated":true}]}}