{"id":29322,"date":"2026-08-09T09:01:39","date_gmt":"2026-08-09T12:01:39","guid":{"rendered":"https:\/\/blogs.correiobraziliense.com.br\/cbpoder\/?p=29322"},"modified":"2026-08-09T09:01:39","modified_gmt":"2026-08-09T12:01:39","slug":"protetoras-dos-animais","status":"publish","type":"post","link":"https:\/\/blogs.correiobraziliense.com.br\/cbpoder\/protetoras-dos-animais\/","title":{"rendered":"Protetoras dos animais"},"content":{"rendered":"<h4>ANA MARIA CAMPOS\/EIXO CAPITAL<\/h4>\n<p><strong>Protetoras dos animais<\/strong><\/p>\n<p>Elas s\u00e3o da mesma federa\u00e7\u00e3o (PT-PV-PCdoB), t\u00eam a mesma bandeira e v\u00e3o disputar a simpatia do eleitorado para se elegerem deputadas federais.\u00a0Vanessa Negrini (PT) \u2014 que usa o nome pol\u00edtico de Vanessa Bicho \u2014 \u00e9 ex-diretora do Departamento de Prote\u00e7\u00e3o, Defesa e Direitos Animais do Minist\u00e9rio do Meio Ambiente e Mudan\u00e7a do Clima. Trabalha com resgaste de animais e t\u00eam uma longa hist\u00f3ria de luta no salvamento e prote\u00e7\u00e3o de animais. Concorre tamb\u00e9m pela federa\u00e7\u00e3o liderada por Leandro Gras, a ativista Juliana Tigrados (PV). Ela ficou conhecida ap\u00f3s liderar as den\u00fancias que resultaram na pris\u00e3o e condena\u00e7\u00e3o de um psic\u00f3logo que matou 17 gatos tigrados adotados sob falsas promessas.<\/p>\n<p><strong>Dois registros para o Buriti<\/strong><\/p>\n<p>At\u00e9\u00a0ontem, apenas dois candidatos a governador pediram registro \u00e0 Justi\u00e7a Eleitoral: Robson Raymundo (PSTU) e Samara Mineiro (UP). Os demais apresentaram atas em que delegam ao diret\u00f3rio regional a defini\u00e7\u00e3o de todas as vagas e coliga\u00e7\u00f5es. No total, 10 pol\u00edticos devem concorrer ao Pal\u00e1cio do Buriti.<\/p>\n<p><strong>Professores\u00a0na campanha<\/strong><\/p>\n<p>Segundo declara\u00e7\u00e3o \u00e0 Justi\u00e7a Eleitoral, o professor Robson Raymundo (PSTU) tem 56 anos, \u00e9 negro, cisg\u00eanero, heterossexual, casado, nasceu no Rio de Janeiro, tem n\u00edvel superior completo, e um patrim\u00f4nio de R$ 900 mil. Ele pretende gastar at\u00e9 R$ 7.115.522,46, no primeiro turno. E se passar para a segunda fase, R$ 3.557.761,53. Robson vai concorrer tendo como vice o professor aposentado Ricardo Guillen, 64 anos, tamb\u00e9m do PSTU. Em seu registro, ele apresenta os seguintes dados: \u00e9 separado judicialmente, heterossexual, cisg\u00eanero, branco, e nascido em Santo Anast\u00e1cio (SP). O patrim\u00f4nio de Guillen \u00e9 de R$ 679.000,00.<\/p>\n<p><strong>Nascidas em Bras\u00edlia<\/strong><\/p>\n<p>No pedido de registro, a professora Samara Mineiro (UP), 33 anos, se apresenta como bissexual, cisg\u00eanero, branca, solteira, nascida em Bras\u00edlia, com n\u00edvel superior. O patrim\u00f4nio declarado \u00e9 de R$ 69.196,63, sendo R$ 9.196,63 correspondente a direitos da aquisi\u00e7\u00e3o de im\u00f3vel em constru\u00e7\u00e3o do programa Minha Casa, Minha Vida. Samara ter\u00e1 como vice a comunic\u00f3loga Tha\u00eds Oliveira Silva, de 33 anos, negra, que se apresenta como l\u00e9sbica, solteira, cisg\u00eanero, nascida em Bras\u00edlia, com patrim\u00f4nio declarado de R$ 67,03, do saldo das contas banc\u00e1rias. Elas pretendem gastar at\u00e9 R$\u00a0\u00a0R$ 7.115.522,46, no primeiro turno. E se passarem para a segunda fase, R$ 3.557.761,53.<\/p>\n<p><strong>D\u00favida persiste<\/strong><\/p>\n<p>O Podemos registrou a candidatura de Mayara Noronha, ex-primeira-dama do DF, a deputada federal. Mas ela deixou claro nas redes sociais que isso n\u00e3o significa necessariamente que ela vai disputar as elei\u00e7\u00f5es. A documenta\u00e7\u00e3o foi enviada \u00e0 Justi\u00e7a Eleitoral para garantir que, caso ela decida concorrer, esteja apta.<\/p>\n<p><strong>Muitas propostas, um caminho<\/strong><\/p>\n<p>O ex-senador Jos\u00e9 Ant\u00f4nio Reguffe (Solidariedade) foi convidado pela chapa liderada por Leandro Grass (PT) para ser o vice. No grupo de Jos\u00e9 Roberto Arruda (PSD) e de Ricardo Cappelli (PSB), ele poderia ser vice ou candidato ao Senado. Mas Reguffe est\u00e1 fechado com a candidatura da deputada distrital Paula Belmonte (PSDB) e, mesmo se decidir n\u00e3o concorrer nesta elei\u00e7\u00e3o, apoiar\u00e1 a campanha dela.<\/p>\n<p><strong>Chapas incompletas<\/strong><\/p>\n<p>At\u00e9 o pr\u00f3ximo s\u00e1bado, todas as chapas que v\u00e3o disputar as elei\u00e7\u00f5es precisam estar definidas. Mas alguns candidatos ainda negociam com aliados. Paula Belmonte (PSDB) e Ricardo Cappelli (PSB) ainda est\u00e3o em articula\u00e7\u00f5es para bater o martelo sobre quem ser\u00e3o seus vices e candidatos ao Senado. Jos\u00e9 Roberto Arruda (PSD) ainda n\u00e3o t\u00eam um nome para a disputa ao Senado.<\/p>\n<p><strong>\u00daltimas tentativas de unidade<\/strong><\/p>\n<p>Os petistas n\u00e3o desistiram de tentar uma unidade com o PSB. Mas a todos os emiss\u00e1rios que o procuram, Ricardo Cappelli se mostra disposto a enfrentar a campanha porque considera a sua candidatura com mais viabilidade do que a de Leandro Grass. Os petistas, por sua vez, acreditam no contr\u00e1rio. Mas temem que o racha da esquerda pode tir\u00e1-la do segundo turno, mesmo se a candidatura de Arruda n\u00e3o vingar juridicamente.<\/p>\n<p><strong>Sabatina<\/strong><\/p>\n<p>Nesta ter\u00e7a-feira (11), o Correio Braziliense promove uma sabatina com os candidatos ao Governo do Distrito Federal, com entrevistas sobre os principais temas de interesse da popula\u00e7\u00e3o. \u00c9 hora de saber o que pensam os pol\u00edticos e as pol\u00edticas que querem chegar ao Pal\u00e1cio do Buriti.<\/p>\n<p><strong>Mandou bem<\/strong><\/p>\n<p>A palavra de uma v\u00edtima de abuso sexual valeu como prova importante para punir uma autoridade p\u00fablica do alto escal\u00e3o da Rep\u00fablica, o ministro Marco Buzzi que foi condenado \u00e0 perda do cargo pelos colegas do Superior Tribunal de Justi\u00e7a (STJ). Demonstra que vale a pena denunciar, embora ainda haja muitas situa\u00e7\u00f5es em que parte mais fr\u00e1gil acabe desacreditada quando se trata de viol\u00eancia contra a mulher.<\/p>\n<p><strong>Mandou mal<\/strong><\/p>\n<p>O endividamento das fam\u00edlias brasileiras alcan\u00e7ou 82% em julho de 2026, ou seja, essa parcela da popula\u00e7\u00e3o tem alguma d\u00edvida a vencer. \u00c9 o maior patamar da s\u00e9rie hist\u00f3rica, iniciada em 2015, pela\u00a0Confedera\u00e7\u00e3o Nacional do Com\u00e9rcio de Bens, Servi\u00e7os e Turismo (CNC). Houve avan\u00e7o de 0,4 ponto percentual em rela\u00e7\u00e3o aos 81,6% de junho.<\/p>\n<p><strong>S\u00f3 Papos<\/strong><\/p>\n<p><strong>Presidente Lula (PT)<\/strong><\/p>\n<p>&#8220;A minha hist\u00f3ria poderia ter sido interrompida muito cedo. Mas a vida me deu uma segunda chance. Primeiro, por Deus. Depois, pelo povo brasileiro. \u00c9 por isso que nunca deixei de acreditar que, quando o povo tem oportunidade, pode mudar a pr\u00f3pria hist\u00f3ria&#8221;<\/p>\n<p><strong>Senador Fl\u00e1vio Bolsonaro (PL-RJ)<\/strong><\/p>\n<p>&#8220;Quinto dia \u00fatil do m\u00eas, quando a maioria dos brasileiros recebe o sal\u00e1rio: infelizmente o trabalhador n\u00e3o sabe se ri ou se chora, diante da quantidade de contas que tem a pagar. Tem gente que est\u00e1 sorteando qual conta vai honrar esse m\u00eas. Isso n\u00e3o \u00e9 viver, \u00e9 sobreviver. Lula acabou com o Brasil!&#8221;<\/p>\n<p><strong>Enquanto isso\u2026\u00a0Na sala de Justi\u00e7a<\/strong><\/p>\n<p>Selma Sauerbronn, ex-vice-procuradora-geral de Justi\u00e7a do DF, tomou posse na \u00faltima quarta-feira como desembargadora do Tribunal de Justi\u00e7a do Distrito Federal e dos Territ\u00f3rios (TJDFT). A Corte agora vai eleger outra lista tr\u00edplice para encaminhar ao presidente Lula que dever\u00e1 nomear\u00a0novo integrante do quinto constitucional do Minist\u00e9rio P\u00fablico do Distrito Federal e Territ\u00f3rios (MPDFT) para o Judici\u00e1rio local. A data marcada \u00e9 18 de agosto. A procuradora de Justi\u00e7a Maria Rosynete de Oliveira Lima, o procurador de Justi\u00e7a Trajano Sousa de Melo, o promotor de Justi\u00e7a Fabiano Mendes Rocha Pelloso, o procurador de Justi\u00e7a Vitor Fernandes Gon\u00e7alves, o procurador de Justi\u00e7a Roberto Carlos Silva e o procurador de Justi\u00e7a Ivaldo Lemos J\u00fanior s\u00e3o os candidatos.<\/p>\n","protected":false},"excerpt":{"rendered":"<p>ANA MARIA CAMPOS\/EIXO CAPITAL Protetoras dos animais Elas s\u00e3o da mesma federa\u00e7\u00e3o (PT-PV-PCdoB), t\u00eam a mesma bandeira e v\u00e3o disputar a simpatia do eleitorado para se elegerem deputadas federais.\u00a0Vanessa Negrini (PT) \u2014 que usa o nome pol\u00edtico de Vanessa Bicho \u2014 \u00e9 ex-diretora do Departamento de Prote\u00e7\u00e3o, Defesa e Direitos Animais do Minist\u00e9rio do Meio Ambiente e Mudan\u00e7a do Clima. [&hellip;]<\/p>\n","protected":false},"author":166,"featured_media":29323,"comment_status":"open","ping_status":"closed","sticky":false,"template":"","format":"standard","meta":{"footnotes":""},"categories":[234],"tags":[],"class_list":["post-29322","post","type-post","status-publish","format-standard","has-post-thumbnail","hentry","category-cb-poder"],"_links":{"self":[{"href":"https:\/\/blogs.correiobraziliense.com.br\/cbpoder\/wp-json\/wp\/v2\/posts\/29322","targetHints":{"allow":["GET"]}}],"collection":[{"href":"https:\/\/blogs.correiobraziliense.com.br\/cbpoder\/wp-json\/wp\/v2\/posts"}],"about":[{"href":"https:\/\/blogs.correiobraziliense.com.br\/cbpoder\/wp-json\/wp\/v2\/types\/post"}],"author":[{"embeddable":true,"href":"https:\/\/blogs.correiobraziliense.com.br\/cbpoder\/wp-json\/wp\/v2\/users\/166"}],"replies":[{"embeddable":true,"href":"https:\/\/blogs.correiobraziliense.com.br\/cbpoder\/wp-json\/wp\/v2\/comments?post=29322"}],"version-history":[{"count":1,"href":"https:\/\/blogs.correiobraziliense.com.br\/cbpoder\/wp-json\/wp\/v2\/posts\/29322\/revisions"}],"predecessor-version":[{"id":29325,"href":"https:\/\/blogs.correiobraziliense.com.br\/cbpoder\/wp-json\/wp\/v2\/posts\/29322\/revisions\/29325"}],"wp:featuredmedia":[{"embeddable":true,"href":"https:\/\/blogs.correiobraziliense.com.br\/cbpoder\/wp-json\/wp\/v2\/media\/29323"}],"wp:attachment":[{"href":"https:\/\/blogs.correiobraziliense.com.br\/cbpoder\/wp-json\/wp\/v2\/media?parent=29322"}],"wp:term":[{"taxonomy":"category","embeddable":true,"href":"https:\/\/blogs.correiobraziliense.com.br\/cbpoder\/wp-json\/wp\/v2\/categories?post=29322"},{"taxonomy":"post_tag","embeddable":true,"href":"https:\/\/blogs.correiobraziliense.com.br\/cbpoder\/wp-json\/wp\/v2\/tags?post=29322"}],"curies":[{"name":"wp","href":"https:\/\/api.w.org\/{rel}","templated":true}]}}