{"id":29313,"date":"2026-08-07T23:48:31","date_gmt":"2026-08-08T02:48:31","guid":{"rendered":"https:\/\/blogs.correiobraziliense.com.br\/cbpoder\/?p=29313"},"modified":"2026-08-07T23:48:31","modified_gmt":"2026-08-08T02:48:31","slug":"pdt-anuncia-advogado-raphael-sodre-como-primeiro-suplente-da-chapa-de-leila","status":"publish","type":"post","link":"https:\/\/blogs.correiobraziliense.com.br\/cbpoder\/pdt-anuncia-advogado-raphael-sodre-como-primeiro-suplente-da-chapa-de-leila\/","title":{"rendered":"PDT anuncia advogado Raphael Sodr\u00e9 como primeiro suplente da chapa de Leila"},"content":{"rendered":"<h4>ANA MARIA CAMPOS\/EIXO CAPITAL<\/h4>\n<p>O PDT e a Federa\u00e7\u00e3o PSOL-Rede anunciaram nesta sexta-feira (07\/08) o advogado Raphael Sodr\u00e9 (Rede) como primeiro suplente da chapa da senadora Leila do V\u00f4lei (PDT-DF) na disputa pela reelei\u00e7\u00e3o ao Senado Federal.<\/p>\n<p>&nbsp;<\/p>\n<p>O an\u00fancio foi realizado na sede nacional do PDT, em Bras\u00edlia, e reuniu dirigentes partid\u00e1rios e lideran\u00e7as da coliga\u00e7\u00e3o formada por PDT, PT, PSOL, Rede Sustentabilidade, PV e PCdoB.<\/p>\n<p>&nbsp;<\/p>\n<p class=\"p1\"><span class=\"s1\">Trajet\u00f3ria <\/span><\/p>\n<p class=\"p1\"><span class=\"s1\">Segundo Leila, Sodr\u00e9 foi escolhido pela trajet\u00f3ria p\u00fablica, preparo t\u00e9cnico e sintonia com o projeto pol\u00edtico que defende no Senado. &#8220;Nossa inten\u00e7\u00e3o era escolher um suplente que estivesse alinhado com os valores e o trabalho que realizamos no Senado. O Raphael re\u00fane experi\u00eancia, preparo t\u00e9cnico e compromisso com a democracia e com as pol\u00edticas p\u00fablicas que transformam a vida das pessoas&#8221;, afirmou. <\/span><\/p>\n<p>&nbsp;<\/p>\n<p class=\"p1\"><span class=\"s1\">Aos 37 anos, Raphael Sodr\u00e9 \u00e9 advogado, mestre em Ci\u00eancia Pol\u00edtica pela Universidade de Bras\u00edlia (UnB) e doutor em direito constitucional pelo IDP. \u00c9 professor de Processo Legislativo e s\u00f3cio fundador do escrit\u00f3rio Cittadino Advogados, com atua\u00e7\u00e3o em tribunais superiores e em demandas regulat\u00f3rias e administrativas.<\/span><\/p>\n<p>&nbsp;<\/p>\n<p class=\"p1\"><span class=\"s1\"> Em Bras\u00edlia, atuou como assessor e chefe de gabinete do senador Randolfe Rodrigues, foi gerente executivo da Presid\u00eancia da ApexBrasil durante a gest\u00e3o de Jorge Viana, integrou a equipe de transi\u00e7\u00e3o do governo federal em 2022 e exerceu a chefia de gabinete da lideran\u00e7a do governo Lula no Congresso Nacional.<\/span><\/p>\n","protected":false},"excerpt":{"rendered":"<p>ANA MARIA CAMPOS\/EIXO CAPITAL O PDT e a Federa\u00e7\u00e3o PSOL-Rede anunciaram nesta sexta-feira (07\/08) o advogado Raphael Sodr\u00e9 (Rede) como primeiro suplente da chapa da senadora Leila do V\u00f4lei (PDT-DF) na disputa pela reelei\u00e7\u00e3o ao Senado Federal. &nbsp; O an\u00fancio foi realizado na sede nacional do PDT, em Bras\u00edlia, e reuniu dirigentes partid\u00e1rios e lideran\u00e7as da coliga\u00e7\u00e3o formada por PDT, [&hellip;]<\/p>\n","protected":false},"author":9,"featured_media":29314,"comment_status":"open","ping_status":"closed","sticky":false,"template":"","format":"standard","meta":{"footnotes":""},"categories":[234],"tags":[1408,267,4541,230,62,3134],"class_list":["post-29313","post","type-post","status-publish","format-standard","has-post-thumbnail","hentry","category-cb-poder","tag-leila-do-volei","tag-pdt","tag-raphael-sodre","tag-rede","tag-senado","tag-suplente"],"_links":{"self":[{"href":"https:\/\/blogs.correiobraziliense.com.br\/cbpoder\/wp-json\/wp\/v2\/posts\/29313","targetHints":{"allow":["GET"]}}],"collection":[{"href":"https:\/\/blogs.correiobraziliense.com.br\/cbpoder\/wp-json\/wp\/v2\/posts"}],"about":[{"href":"https:\/\/blogs.correiobraziliense.com.br\/cbpoder\/wp-json\/wp\/v2\/types\/post"}],"author":[{"embeddable":true,"href":"https:\/\/blogs.correiobraziliense.com.br\/cbpoder\/wp-json\/wp\/v2\/users\/9"}],"replies":[{"embeddable":true,"href":"https:\/\/blogs.correiobraziliense.com.br\/cbpoder\/wp-json\/wp\/v2\/comments?post=29313"}],"version-history":[{"count":1,"href":"https:\/\/blogs.correiobraziliense.com.br\/cbpoder\/wp-json\/wp\/v2\/posts\/29313\/revisions"}],"predecessor-version":[{"id":29315,"href":"https:\/\/blogs.correiobraziliense.com.br\/cbpoder\/wp-json\/wp\/v2\/posts\/29313\/revisions\/29315"}],"wp:featuredmedia":[{"embeddable":true,"href":"https:\/\/blogs.correiobraziliense.com.br\/cbpoder\/wp-json\/wp\/v2\/media\/29314"}],"wp:attachment":[{"href":"https:\/\/blogs.correiobraziliense.com.br\/cbpoder\/wp-json\/wp\/v2\/media?parent=29313"}],"wp:term":[{"taxonomy":"category","embeddable":true,"href":"https:\/\/blogs.correiobraziliense.com.br\/cbpoder\/wp-json\/wp\/v2\/categories?post=29313"},{"taxonomy":"post_tag","embeddable":true,"href":"https:\/\/blogs.correiobraziliense.com.br\/cbpoder\/wp-json\/wp\/v2\/tags?post=29313"}],"curies":[{"name":"wp","href":"https:\/\/api.w.org\/{rel}","templated":true}]}}