{"id":29278,"date":"2026-08-05T23:52:05","date_gmt":"2026-08-06T02:52:05","guid":{"rendered":"https:\/\/blogs.correiobraziliense.com.br\/cbpoder\/?p=29278"},"modified":"2026-08-05T23:52:05","modified_gmt":"2026-08-06T02:52:05","slug":"liga-da-justica-um-advogado-um-delegado-e-um-juiz-na-disputa-pelo-novo","status":"publish","type":"post","link":"https:\/\/blogs.correiobraziliense.com.br\/cbpoder\/liga-da-justica-um-advogado-um-delegado-e-um-juiz-na-disputa-pelo-novo\/","title":{"rendered":"Liga da justi\u00e7a: um advogado, um delegado e um juiz na disputa pelo Novo"},"content":{"rendered":"<h4 class=\"p1\">ANA MARIA CAMPOS\/EIXO CAPITAL<\/h4>\n<p class=\"p1\">O delegado Rafael Sampaio, ex-presidente do Sindicato dos Delegados da Pol\u00edcia Civil do DF (Sindepo), filiado ao Novo, ser\u00e1 o vice na chapa de Kiko Caputo, do mesmo partido.<\/p>\n<p>&nbsp;<\/p>\n<p class=\"p1\">O nome foi oficializado nesta noite (05\/08). A chapa de Kiko, ex-presidente da OAB-DF,\u00a0pode ser chamada de liga da justi\u00e7a. Conta com um advogado, um delegado e um desembargador, Sebasti\u00e3o Coelho (Novo), que vai concorrer ao Senado.<\/p>\n<p>&nbsp;<\/p>\n<p class=\"p1\">S\u00f3 faltou um representante do Minist\u00e9rio P\u00fablico.<\/p>\n","protected":false},"excerpt":{"rendered":"<p>ANA MARIA CAMPOS\/EIXO CAPITAL O delegado Rafael Sampaio, ex-presidente do Sindicato dos Delegados da Pol\u00edcia Civil do DF (Sindepo), filiado ao Novo, ser\u00e1 o vice na chapa de Kiko Caputo, do mesmo partido. &nbsp; O nome foi oficializado nesta noite (05\/08). A chapa de Kiko, ex-presidente da OAB-DF,\u00a0pode ser chamada de liga da justi\u00e7a. Conta com um advogado, um delegado [&hellip;]<\/p>\n","protected":false},"author":9,"featured_media":29279,"comment_status":"open","ping_status":"closed","sticky":false,"template":"","format":"standard","meta":{"footnotes":""},"categories":[234],"tags":[311,4402,3108,514,3084,1363],"class_list":["post-29278","post","type-post","status-publish","format-standard","has-post-thumbnail","hentry","category-cb-poder","tag-eleicoes","tag-kiko-caputo","tag-novo","tag-rafael-sampaio","tag-sebastiao-coelho","tag-vice"],"_links":{"self":[{"href":"https:\/\/blogs.correiobraziliense.com.br\/cbpoder\/wp-json\/wp\/v2\/posts\/29278","targetHints":{"allow":["GET"]}}],"collection":[{"href":"https:\/\/blogs.correiobraziliense.com.br\/cbpoder\/wp-json\/wp\/v2\/posts"}],"about":[{"href":"https:\/\/blogs.correiobraziliense.com.br\/cbpoder\/wp-json\/wp\/v2\/types\/post"}],"author":[{"embeddable":true,"href":"https:\/\/blogs.correiobraziliense.com.br\/cbpoder\/wp-json\/wp\/v2\/users\/9"}],"replies":[{"embeddable":true,"href":"https:\/\/blogs.correiobraziliense.com.br\/cbpoder\/wp-json\/wp\/v2\/comments?post=29278"}],"version-history":[{"count":1,"href":"https:\/\/blogs.correiobraziliense.com.br\/cbpoder\/wp-json\/wp\/v2\/posts\/29278\/revisions"}],"predecessor-version":[{"id":29280,"href":"https:\/\/blogs.correiobraziliense.com.br\/cbpoder\/wp-json\/wp\/v2\/posts\/29278\/revisions\/29280"}],"wp:featuredmedia":[{"embeddable":true,"href":"https:\/\/blogs.correiobraziliense.com.br\/cbpoder\/wp-json\/wp\/v2\/media\/29279"}],"wp:attachment":[{"href":"https:\/\/blogs.correiobraziliense.com.br\/cbpoder\/wp-json\/wp\/v2\/media?parent=29278"}],"wp:term":[{"taxonomy":"category","embeddable":true,"href":"https:\/\/blogs.correiobraziliense.com.br\/cbpoder\/wp-json\/wp\/v2\/categories?post=29278"},{"taxonomy":"post_tag","embeddable":true,"href":"https:\/\/blogs.correiobraziliense.com.br\/cbpoder\/wp-json\/wp\/v2\/tags?post=29278"}],"curies":[{"name":"wp","href":"https:\/\/api.w.org\/{rel}","templated":true}]}}