{"id":29256,"date":"2026-08-02T08:49:53","date_gmt":"2026-08-02T11:49:53","guid":{"rendered":"https:\/\/blogs.correiobraziliense.com.br\/cbpoder\/?p=29256"},"modified":"2026-08-02T08:49:53","modified_gmt":"2026-08-02T11:49:53","slug":"recebo-essa-missao-com-muita-gratidao-afirma-gustavo-rocha-candidato-a-vice-governador","status":"publish","type":"post","link":"https:\/\/blogs.correiobraziliense.com.br\/cbpoder\/recebo-essa-missao-com-muita-gratidao-afirma-gustavo-rocha-candidato-a-vice-governador\/","title":{"rendered":"&#8220;Recebo essa miss\u00e3o com muita gratid\u00e3o&#8221;, afirma Gustavo Rocha, candidato a vice-governador"},"content":{"rendered":"<p><em>Eixo Capital por Ana Maria Campos<\/em><\/p>\n<p>Veja os destaques da entrevista com Gustavo Rocha (Republicanos),\u00a0candidato a vice-governador do Distrito Federal na chapa de Celina Le\u00e3o.<\/p>\n<p><strong>Qual vai ser o seu papel na campanha?<\/strong><\/p>\n<p>Antes de tudo, recebo essa miss\u00e3o com muita gratid\u00e3o ao Republicanos e \u00e0 governadora Celina Le\u00e3o pela confian\u00e7a. Tenho uma rela\u00e7\u00e3o de trabalho constru\u00edda ao longo dos \u00faltimos anos, baseada em lealdade, di\u00e1logo e compromisso com o Distrito Federal. Na campanha, meu papel ser\u00e1 contribuir para apresentar nossas propostas \u00e0 popula\u00e7\u00e3o, ajudar na constru\u00e7\u00e3o do plano de governo e dialogar com diferentes setores da sociedade. Quero colocar minha experi\u00eancia na gest\u00e3o p\u00fablica a servi\u00e7o desse projeto. Fui chefe do jur\u00eddico da presid\u00eancia da Rep\u00fablica, conselheiro do CNMP, conselheiro da Comiss\u00e3o de \u00c9tica da Presid\u00eancia da Republica, secret\u00e1rio de Justi\u00e7a e Cidadania do GDF, chefe da Casa Civil do GDF, advogado e professor universit\u00e1rio.<\/p>\n<p><strong>E no governo, caso sejam eleitos?<\/strong><\/p>\n<p>Essa \u00e9 uma decis\u00e3o que caber\u00e1 \u00e0 governadora Celina Le\u00e3o. Ainda n\u00e3o tratamos desse assunto porque nosso foco agora \u00e9 apresentar nossas propostas e conversar com a popula\u00e7\u00e3o. Onde eu puder contribuir, estarei \u00e0 disposi\u00e7\u00e3o para ajudar a construir um governo eficiente e comprometido com o interesse p\u00fablico.<\/p>\n<p><strong>Por que decidiu entrar para a pol\u00edtica agora?<\/strong><\/p>\n<p>Minha trajet\u00f3ria sempre esteve ligada ao servi\u00e7o p\u00fablico. Trabalhei em diferentes fun\u00e7\u00f5es, buscando contribuir por meio da gest\u00e3o e do Direito. Entendi que este era o momento de ampliar essa participa\u00e7\u00e3o, ingressando tamb\u00e9m na vida partid\u00e1ria e eleitoral. A pol\u00edtica aproxima quem governa das pessoas. Ela permite ouvir diferentes realidades, compreender melhor as demandas da popula\u00e7\u00e3o e participar de forma mais direta da constru\u00e7\u00e3o das solu\u00e7\u00f5es.<\/p>\n<p><strong>Celina e Ibaneis caminhar\u00e3o juntos?<\/strong><\/p>\n<p>Acredito que sim. Eles constru\u00edram uma parceria importante na administra\u00e7\u00e3o do Distrito Federal e trabalharam juntos em decis\u00f5es relevantes para a cidade. Naturalmente, cada um tem seu estilo, mas compartilham o compromisso de dar continuidade a um projeto de governo voltado para o desenvolvimento do DF. Minha expectativa \u00e9 que esse di\u00e1logo permane\u00e7a, sempre colocando os interesses da popula\u00e7\u00e3o acima de qualquer outra considera\u00e7\u00e3o.<\/p>\n<p><strong>Qual deve ser o foco do pr\u00f3ximo governo?<\/strong><\/p>\n<p>O foco de qualquer governo deve ser prestar servi\u00e7os p\u00fablicos de qualidade e responder com efici\u00eancia \u00e0s necessidades da popula\u00e7\u00e3o. No nosso caso, queremos aperfei\u00e7oar a gest\u00e3o, fortalecer a transpar\u00eancia, simplificar processos e tornar o atendimento ao cidad\u00e3o cada vez mais \u00e1gil e humano. Governar bem \u00e9 fazer com que as pol\u00edticas p\u00fablicas cheguem, de fato, \u00e0 vida das pessoas.<\/p>\n<p><strong>Acredita numa solu\u00e7\u00e3o para o BRB?<\/strong><\/p>\n<p>Sim. Tenho confian\u00e7a de que o banco re\u00fane todas as condi\u00e7\u00f5es para superar esse momento. O BRB tem uma hist\u00f3ria importante para o Distrito Federal, desempenha um papel estrat\u00e9gico na economia local e conta com equipes t\u00e9cnicas trabalhando para garantir sua solidez e seu futuro.<\/p>\n<p><strong>Como espera que o DF esteja em 2030?<\/strong><\/p>\n<p>Espero que o Distrito Federal esteja ainda mais organizado, com servi\u00e7os p\u00fablicos melhores, contas equilibradas e uma popula\u00e7\u00e3o percebendo, no dia a dia, os resultados das pol\u00edticas p\u00fablicas. O melhor cen\u00e1rio \u00e9 aquele em que as pessoas sintam que a cidade avan\u00e7ou e que a qualidade de vida melhorou de forma concreta.<\/p>\n","protected":false},"excerpt":{"rendered":"<p>Eixo Capital por Ana Maria Campos Veja os destaques da entrevista com Gustavo Rocha (Republicanos),\u00a0candidato a vice-governador do Distrito Federal na chapa de Celina Le\u00e3o. Qual vai ser o seu papel na campanha? Antes de tudo, recebo essa miss\u00e3o com muita gratid\u00e3o ao Republicanos e \u00e0 governadora Celina Le\u00e3o pela confian\u00e7a. Tenho uma rela\u00e7\u00e3o de trabalho constru\u00edda ao longo dos [&hellip;]<\/p>\n","protected":false},"author":167,"featured_media":29257,"comment_status":"open","ping_status":"closed","sticky":false,"template":"","format":"standard","meta":{"footnotes":""},"categories":[2089],"tags":[],"class_list":["post-29256","post","type-post","status-publish","format-standard","has-post-thumbnail","hentry","category-eixo-capital"],"_links":{"self":[{"href":"https:\/\/blogs.correiobraziliense.com.br\/cbpoder\/wp-json\/wp\/v2\/posts\/29256","targetHints":{"allow":["GET"]}}],"collection":[{"href":"https:\/\/blogs.correiobraziliense.com.br\/cbpoder\/wp-json\/wp\/v2\/posts"}],"about":[{"href":"https:\/\/blogs.correiobraziliense.com.br\/cbpoder\/wp-json\/wp\/v2\/types\/post"}],"author":[{"embeddable":true,"href":"https:\/\/blogs.correiobraziliense.com.br\/cbpoder\/wp-json\/wp\/v2\/users\/167"}],"replies":[{"embeddable":true,"href":"https:\/\/blogs.correiobraziliense.com.br\/cbpoder\/wp-json\/wp\/v2\/comments?post=29256"}],"version-history":[{"count":1,"href":"https:\/\/blogs.correiobraziliense.com.br\/cbpoder\/wp-json\/wp\/v2\/posts\/29256\/revisions"}],"predecessor-version":[{"id":29258,"href":"https:\/\/blogs.correiobraziliense.com.br\/cbpoder\/wp-json\/wp\/v2\/posts\/29256\/revisions\/29258"}],"wp:featuredmedia":[{"embeddable":true,"href":"https:\/\/blogs.correiobraziliense.com.br\/cbpoder\/wp-json\/wp\/v2\/media\/29257"}],"wp:attachment":[{"href":"https:\/\/blogs.correiobraziliense.com.br\/cbpoder\/wp-json\/wp\/v2\/media?parent=29256"}],"wp:term":[{"taxonomy":"category","embeddable":true,"href":"https:\/\/blogs.correiobraziliense.com.br\/cbpoder\/wp-json\/wp\/v2\/categories?post=29256"},{"taxonomy":"post_tag","embeddable":true,"href":"https:\/\/blogs.correiobraziliense.com.br\/cbpoder\/wp-json\/wp\/v2\/tags?post=29256"}],"curies":[{"name":"wp","href":"https:\/\/api.w.org\/{rel}","templated":true}]}}