{"id":29244,"date":"2026-08-01T03:27:57","date_gmt":"2026-08-01T06:27:57","guid":{"rendered":"https:\/\/blogs.correiobraziliense.com.br\/cbpoder\/?p=29244"},"modified":"2026-08-01T03:27:57","modified_gmt":"2026-08-01T06:27:57","slug":"ainda-sem-definicao-sobre-candidatura-reguffe-fala-de-seus-mandatos-cumpri-todos-os-meus-compromissos","status":"publish","type":"post","link":"https:\/\/blogs.correiobraziliense.com.br\/cbpoder\/ainda-sem-definicao-sobre-candidatura-reguffe-fala-de-seus-mandatos-cumpri-todos-os-meus-compromissos\/","title":{"rendered":"Ainda sem defini\u00e7\u00e3o sobre candidatura, Reguffe fala de seus mandatos: &#8220;Cumpri todos os meus compromissos&#8221;"},"content":{"rendered":"<h4>\u00a0ANA MARIA CAMPOS\/EIXO CAPITAL<\/h4>\n<p class=\"p1\"><strong>\u00c0 Queima Roupa<\/strong><\/p>\n<p class=\"p1\"><strong>Jos\u00e9 Antonio Reguffe, ex-senador do DF (Solidariedade-DF)<\/strong><\/p>\n<p>&nbsp;<\/p>\n<blockquote>\n<p class=\"p1\">\u201cNos meus mandatos, honrei e cumpri ponto por ponto, sem exce\u00e7\u00e3o e do jeito que estava escrito ali, tudo o que me comprometi nos meus folders de campanha\u201d<\/p>\n<\/blockquote>\n<p>&nbsp;<\/p>\n<p class=\"p1\"><strong>Ap\u00f3s deixar o Senado, como voc\u00ea avalia o cen\u00e1rio pol\u00edtico brasileiro e o que mais mudou na rela\u00e7\u00e3o entre a popula\u00e7\u00e3o e seus representantes?<\/strong><\/p>\n<p class=\"p1\">Hoje a grande preocupa\u00e7\u00e3o de um parlamentar n\u00e3o \u00e9 que projeto vou apresentar para melhorar meu pa\u00eds, mas qual v\u00eddeo de 30 segundos vou fazer para o Instagram. A pol\u00edtica ficou rasa, superficial. N\u00e3o se discute um projeto de pa\u00eds para o futuro. Se ganha voto s\u00f3 criticando e desqualificando o outro. Parece na verdade um campeonato de xingamento, de quem xinga ou desqualifica melhor. N\u00e3o se discutem propostas para o futuro. Ali\u00e1s, as pessoas est\u00e3o confundindo combatividade com falta de educa\u00e7\u00e3o e de civilidade. E n\u00e3o se aceita nem se respeita um posicionamento diverso do seu. Desse jeito, nem a pol\u00edtica nem nossa sociedade vai a lugar algum.<\/p>\n<p>&nbsp;<\/p>\n<p class=\"p1\"><strong>Voc\u00ea construiu sua trajet\u00f3ria com a bandeira da redu\u00e7\u00e3o de privil\u00e9gios e do combate ao desperd\u00edcio de recursos p\u00fablicos. Na sua avalia\u00e7\u00e3o, o Congresso avan\u00e7ou ou retrocedeu nessas pautas nos \u00faltimos anos?<\/strong><\/p>\n<p class=\"p1\">Tenho muito orgulho da minha trajet\u00f3ria. Levei tr\u00eas elei\u00e7\u00f5es para conseguir um mandato de deputado distrital, justamente para poder entrar na pol\u00edtica com dignidade. E assim exerci meus mandatos. Sendo fiel a isso e ao que me propus. Coloquei na pauta e na agenda p\u00fablica esses temas que nunca eram discutidos e eram aceitos como normais e naturais. D\u00e9cimo quarto e d\u00e9cimo quinto sal\u00e1rios de parlamentares existiam desde 1938 no Brasil, abri m\u00e3o, gerei a discuss\u00e3o e acabaram. Ningu\u00e9m discutia antes dos meus mandatos verba indenizat\u00f3ria, n\u00famero de assessores, plano de sa\u00fade vital\u00edcio de senadores, cumpri um papel. Mas meu mandato foi muito mais do que entre aspas \u201capenas\u201d economizar.<\/p>\n<p>&nbsp;<\/p>\n<p class=\"p1\"><strong>Como avalia seus mandatos?<\/strong><\/p>\n<p class=\"p1\">Podem me criticar por qualquer coisa, menos por uma: nos meus mandatos, honrei e cumpri ponto por ponto, sem exce\u00e7\u00e3o e do jeito que estava escrito ali, tudo o que me comprometi nos meus folders de campanha. Num pa\u00eds que pol\u00edticos roubam dinheiro p\u00fablico, fiz o oposto: economizei dinheiro p\u00fablico. E alguns ainda fazem piada com isso. S\u00f3 no Senado, economizei sozinho mais de R$ 16,7 milh\u00f5es. Se todos fizessem, dava mais de R$ 1,3 bi. N\u00e3o usei um \u00fanico centavo de verba indenizat\u00f3ria, reduzi o n\u00famero de assessores de 55 para apenas 9, nunca usei carro oficial, sa\u00ed da pol\u00edtica sem ter direito \u00e0 aposentadoria parlamentar ou ao plano de sa\u00fade vital\u00edcio dos senadores, que abri m\u00e3o. Mas meu mandato foi muito mais que isso. Fui o parlamentar que mais destinou recursos para a sa\u00fade do DF, incluindo todos os senadores e deputados \u00e0 \u00e9poca. O petscan do Base foi emenda minha, tom\u00f3grafos para v\u00e1rios hospitais, ventiladores mec\u00e2nicos, ox\u00edmetros, sistema de videoendoscopia, diversos equipamentos, 14 ambul\u00e2ncias do SAMU totalmente equipadas. Hoje se fala muito do STF, eu assinei a CPI da Lavatoga. Infelizmente, muitos n\u00e3o assinaram. \u00c9 de minha autoria a PEC 52\/2015, que acaba com a vitaliciedade de ministros, dando tempo de mandato. Acaba tamb\u00e9m com indica\u00e7\u00e3o pol\u00edtica para ministros, exigindo como pr\u00e9-requisito passar num concurso p\u00fablico de juiz e tempo de magistratura. Al\u00e9m de criticar o sistema de forma contundente, eu protocolei proposta objetiva para mud\u00e1-lo.<\/p>\n<p>&nbsp;<\/p>\n<p class=\"p1\"><strong>O que considera essencial para que a popula\u00e7\u00e3o volte a confiar nas institui\u00e7\u00f5es democr\u00e1ticas?<\/strong><\/p>\n<p class=\"p1\">\u00c9 preciso muita coisa. Para come\u00e7ar que as institui\u00e7\u00f5es funcionem e entendam seu lugar. Hoje o Executivo quer legislar e legisla por medida provis\u00f3ria. O Legislativo chantageia e achaca o governo de plant\u00e3o exigindo benesses e cargos. E o Judici\u00e1rio quer mandar nos dois outros poderes. \u00c9 dif\u00edcil. \u00c9 preciso uma reforma pol\u00edtica profunda e urgente. Propus oito PECs sobre reforma pol\u00edtica. E alguns projetos. Mas eles sequer discutiam. E olha que devo ter feito da tribuna uns vinte discursos cobrando isso.<\/p>\n<p>&nbsp;<\/p>\n<p class=\"p1\"><strong>Como a polariza\u00e7\u00e3o nacional atrasa os avan\u00e7os sociais do pa\u00eds?<\/strong><\/p>\n<p class=\"p1\">Esse \u00e9 meu grande problema. N\u00e3o aceito como cidad\u00e3o essa polariza\u00e7\u00e3o. \u00c9 um desastre para o pa\u00eds. Mas reconhe\u00e7o que hoje sou minoria. Ali\u00e1s, s\u00e3o t\u00e3o arrogantes que chamam de isent\u00f5es quem n\u00e3o aceita isso, como se n\u00e3o fosse uma posi\u00e7\u00e3o pol\u00edtica que precisa ser respeitada n\u00e3o concordar com os dois lados. E se ganha voto s\u00f3 criticando o outro lado, sem ningu\u00e9m discutir um projeto de desenvolvimento nacional s\u00e9rio e que tenha vis\u00e3o de longo prazo.<\/p>\n<p>&nbsp;<\/p>\n<p class=\"p1\"><strong>Em diferentes momentos, seu nome voltou a ser cogitado para disputar cargos eletivos. Voc\u00ea pretende retornar \u00e0 vida p\u00fablica nas pr\u00f3ximas elei\u00e7\u00f5es? Em que condi\u00e7\u00f5es aceitaria uma candidatura?<\/strong><\/p>\n<p class=\"p1\">Me decepcionei muito com a pol\u00edtica. Descobri tamb\u00e9m um problema de sa\u00fade que me afastou. Acho que sou vocacionado, acho que tenho a verdadeira voca\u00e7\u00e3o pol\u00edtica, \u00e0s vezes sinto falta, sou indignado com muita coisa. Tenho vontade de voltar a falar, defender o que acredito. Tentar mudar as coisas. Mas sofri muito tamb\u00e9m. Apesar de sinceramente n\u00e3o saber se as coisas t\u00eam jeito, tenho enorme vontade de ver isso mudar. Esse sistema todo tinha que mudar.<\/p>\n<p>&nbsp;<\/p>\n<p class=\"p1\"><strong>Nessas elei\u00e7\u00f5es, concorre a algum cargo?<\/strong><\/p>\n<p class=\"p1\">Estou analisando. Sinceramente, ainda n\u00e3o sei.<\/p>\n<p>&nbsp;<\/p>\n<p class=\"p1\"><strong>O que voc\u00ea diria aos jovens que desejam ingressar na pol\u00edtica, mas enxergam um ambiente marcado por polariza\u00e7\u00e3o e desconfian\u00e7a?<\/strong><\/p>\n<p class=\"p1\">Que primeiro nunca deixem seus princ\u00edpios e valores. Se um dia der certo, tem que ser do jeito certo. Depois, que entendam que pol\u00edtica \u00e9 firmeza de convic\u00e7\u00f5es e di\u00e1logo. \u00c9 preciso saber conversar e respeitar todos, sem preconceitos. Mas colocando sempre na frente o interesse do que for, verdadeiramente, melhor para a cidade e o pa\u00eds.<\/p>\n","protected":false},"excerpt":{"rendered":"<p>\u00a0ANA MARIA CAMPOS\/EIXO CAPITAL \u00c0 Queima Roupa Jos\u00e9 Antonio Reguffe, ex-senador do DF (Solidariedade-DF) &nbsp; \u201cNos meus mandatos, honrei e cumpri ponto por ponto, sem exce\u00e7\u00e3o e do jeito que estava escrito ali, tudo o que me comprometi nos meus folders de campanha\u201d &nbsp; Ap\u00f3s deixar o Senado, como voc\u00ea avalia o cen\u00e1rio pol\u00edtico brasileiro e o que mais mudou [&hellip;]<\/p>\n","protected":false},"author":9,"featured_media":15993,"comment_status":"open","ping_status":"closed","sticky":false,"template":"","format":"standard","meta":{"footnotes":""},"categories":[234],"tags":[3125,4530,311,4531,4529,60,1137],"class_list":["post-29244","post","type-post","status-publish","format-standard","has-post-thumbnail","hentry","category-cb-poder","tag-candidatura","tag-compromissos","tag-eleicoes","tag-ex-senador","tag-mandatos","tag-reguffe","tag-solidariedade"],"_links":{"self":[{"href":"https:\/\/blogs.correiobraziliense.com.br\/cbpoder\/wp-json\/wp\/v2\/posts\/29244","targetHints":{"allow":["GET"]}}],"collection":[{"href":"https:\/\/blogs.correiobraziliense.com.br\/cbpoder\/wp-json\/wp\/v2\/posts"}],"about":[{"href":"https:\/\/blogs.correiobraziliense.com.br\/cbpoder\/wp-json\/wp\/v2\/types\/post"}],"author":[{"embeddable":true,"href":"https:\/\/blogs.correiobraziliense.com.br\/cbpoder\/wp-json\/wp\/v2\/users\/9"}],"replies":[{"embeddable":true,"href":"https:\/\/blogs.correiobraziliense.com.br\/cbpoder\/wp-json\/wp\/v2\/comments?post=29244"}],"version-history":[{"count":1,"href":"https:\/\/blogs.correiobraziliense.com.br\/cbpoder\/wp-json\/wp\/v2\/posts\/29244\/revisions"}],"predecessor-version":[{"id":29245,"href":"https:\/\/blogs.correiobraziliense.com.br\/cbpoder\/wp-json\/wp\/v2\/posts\/29244\/revisions\/29245"}],"wp:featuredmedia":[{"embeddable":true,"href":"https:\/\/blogs.correiobraziliense.com.br\/cbpoder\/wp-json\/wp\/v2\/media\/15993"}],"wp:attachment":[{"href":"https:\/\/blogs.correiobraziliense.com.br\/cbpoder\/wp-json\/wp\/v2\/media?parent=29244"}],"wp:term":[{"taxonomy":"category","embeddable":true,"href":"https:\/\/blogs.correiobraziliense.com.br\/cbpoder\/wp-json\/wp\/v2\/categories?post=29244"},{"taxonomy":"post_tag","embeddable":true,"href":"https:\/\/blogs.correiobraziliense.com.br\/cbpoder\/wp-json\/wp\/v2\/tags?post=29244"}],"curies":[{"name":"wp","href":"https:\/\/api.w.org\/{rel}","templated":true}]}}