{"id":29166,"date":"2026-07-23T17:30:36","date_gmt":"2026-07-23T20:30:36","guid":{"rendered":"https:\/\/blogs.correiobraziliense.com.br\/cbpoder\/?p=29166"},"modified":"2026-07-23T17:30:36","modified_gmt":"2026-07-23T20:30:36","slug":"cristovam-quer-manifesto-em-defesa-de-brasilia","status":"publish","type":"post","link":"https:\/\/blogs.correiobraziliense.com.br\/cbpoder\/cristovam-quer-manifesto-em-defesa-de-brasilia\/","title":{"rendered":"Cristovam quer manifesto em defesa de Bras\u00edlia"},"content":{"rendered":"<h4>ANA MARIA CAMPOS\/EIXO CAPITAL<\/h4>\n<p>O ex-governador Cristovam Buarque, que \u00e9 pr\u00e9-candidato a deputado federal pelo PSB, est\u00e1 articulando a divulga\u00e7\u00e3o de um manifesto em defesa de candidaturas comprometidas com o futuro de Bras\u00edlia, que ser\u00e1 assinado por personalidades, intelectuais, professores, artistas, jornalistas, entre outros.<\/p>\n<p>&nbsp;<\/p>\n<p>Nesta quarta-feira (22\/07), Cristovam discutiu a ideia, num almo\u00e7o com o jornalista Moacyr de Oliveira Filho, o Moa, que foi secret\u00e1rio de Comunica\u00e7\u00e3o Social do seu governo no GDF, h\u00e1 30 anos.<\/p>\n<p>&nbsp;<\/p>\n<p>A ideia \u00e9 criar um texto em defesa de Bras\u00edlia com pontos fundamentais que seja aprovado pelo grupo e defendido como plataforma de campanha.<\/p>\n","protected":false},"excerpt":{"rendered":"<p>ANA MARIA CAMPOS\/EIXO CAPITAL O ex-governador Cristovam Buarque, que \u00e9 pr\u00e9-candidato a deputado federal pelo PSB, est\u00e1 articulando a divulga\u00e7\u00e3o de um manifesto em defesa de candidaturas comprometidas com o futuro de Bras\u00edlia, que ser\u00e1 assinado por personalidades, intelectuais, professores, artistas, jornalistas, entre outros. &nbsp; Nesta quarta-feira (22\/07), Cristovam discutiu a ideia, num almo\u00e7o com o jornalista Moacyr de Oliveira [&hellip;]<\/p>\n","protected":false},"author":9,"featured_media":29167,"comment_status":"open","ping_status":"closed","sticky":false,"template":"","format":"standard","meta":{"footnotes":""},"categories":[234],"tags":[273,3786,3698,4410],"class_list":["post-29166","post","type-post","status-publish","format-standard","has-post-thumbnail","hentry","category-cb-poder","tag-cristovam","tag-eleicoes-2026","tag-manifesto","tag-moa"],"_links":{"self":[{"href":"https:\/\/blogs.correiobraziliense.com.br\/cbpoder\/wp-json\/wp\/v2\/posts\/29166","targetHints":{"allow":["GET"]}}],"collection":[{"href":"https:\/\/blogs.correiobraziliense.com.br\/cbpoder\/wp-json\/wp\/v2\/posts"}],"about":[{"href":"https:\/\/blogs.correiobraziliense.com.br\/cbpoder\/wp-json\/wp\/v2\/types\/post"}],"author":[{"embeddable":true,"href":"https:\/\/blogs.correiobraziliense.com.br\/cbpoder\/wp-json\/wp\/v2\/users\/9"}],"replies":[{"embeddable":true,"href":"https:\/\/blogs.correiobraziliense.com.br\/cbpoder\/wp-json\/wp\/v2\/comments?post=29166"}],"version-history":[{"count":1,"href":"https:\/\/blogs.correiobraziliense.com.br\/cbpoder\/wp-json\/wp\/v2\/posts\/29166\/revisions"}],"predecessor-version":[{"id":29168,"href":"https:\/\/blogs.correiobraziliense.com.br\/cbpoder\/wp-json\/wp\/v2\/posts\/29166\/revisions\/29168"}],"wp:featuredmedia":[{"embeddable":true,"href":"https:\/\/blogs.correiobraziliense.com.br\/cbpoder\/wp-json\/wp\/v2\/media\/29167"}],"wp:attachment":[{"href":"https:\/\/blogs.correiobraziliense.com.br\/cbpoder\/wp-json\/wp\/v2\/media?parent=29166"}],"wp:term":[{"taxonomy":"category","embeddable":true,"href":"https:\/\/blogs.correiobraziliense.com.br\/cbpoder\/wp-json\/wp\/v2\/categories?post=29166"},{"taxonomy":"post_tag","embeddable":true,"href":"https:\/\/blogs.correiobraziliense.com.br\/cbpoder\/wp-json\/wp\/v2\/tags?post=29166"}],"curies":[{"name":"wp","href":"https:\/\/api.w.org\/{rel}","templated":true}]}}