{"id":29164,"date":"2026-07-23T15:53:03","date_gmt":"2026-07-23T18:53:03","guid":{"rendered":"https:\/\/blogs.correiobraziliense.com.br\/cbpoder\/?p=29164"},"modified":"2026-07-23T15:53:03","modified_gmt":"2026-07-23T18:53:03","slug":"ibaneis-tomei-uma-das-decisoes-mais-dificieis-da-minha-vida","status":"publish","type":"post","link":"https:\/\/blogs.correiobraziliense.com.br\/cbpoder\/ibaneis-tomei-uma-das-decisoes-mais-dificieis-da-minha-vida\/","title":{"rendered":"Ibaneis: &#8220;Tomei uma das decis\u00f5es mais dif\u00edcieis da minha vida&#8221;"},"content":{"rendered":"<h4>ANA MARIA CAMPOS<\/h4>\n<p>O ex-governador Ibaneis Rocha (MDB) divulgou h\u00e1 pouco (23\/07) uma mensagem em seu perfil nas redes sociais para falar sobre seu momento na vida p\u00fablica, depois de duas semanas afastado de Bras\u00edlia em sua fazenda em Corrente, no Piau\u00ed, de onde anunciou a mudan\u00e7a nos rumos de sua trajet\u00f3ria pol\u00edtica. O emedebista afirmou que, ap\u00f3s muita reflex\u00e3o, decidiu n\u00e3o seguir com a pr\u00e9-candidatura ao Senado Federal e que esta foi uma das decis\u00f5es mais dif\u00edceis de sua vida.<\/p>\n<p>&nbsp;<\/p>\n<p>Ibaneis disse que esse recuo n\u00e3o significa deixar de atuar em Bras\u00edlia. &#8220;Quero deixar algo muito claro: isso n\u00e3o significa desistir do Distrito Federal, lugar onde nasci e amo muito. Nunca desistirei da nossa cidade, da sua gente e da miss\u00e3o que assumi quando entrei na vida p\u00fablica&#8221;, ressaltou.<\/p>\n<p>&nbsp;<\/p>\n<p>Segundo o ex-governador, ele est\u00e1 fazendo um desvio na trajet\u00f3ria.<\/p>\n<p>&nbsp;<\/p>\n<blockquote><p>&#8220;O que fa\u00e7o agora \u00e9 um rec\u00e1lculo de rota, pensando no meu bem-estar, nos meus filhos e nos que dependem de mim, nos meus neg\u00f3cios, na minha sa\u00fade e em tudo o que constru\u00ed ao longo desses anos&#8221;, afirmou.<\/p><\/blockquote>\n<p>&nbsp;<\/p>\n<p>Ibaneis disse que cumpriu a palavra, mas decidiu abrir m\u00e3o de &#8220;algo que, na verdade, nunca foi uma necessidade&#8221; para ele. &#8220;N\u00e3o sou pol\u00edtico de carreira. Entrei na pol\u00edtica com uma miss\u00e3o: tirar o Distrito Federal do abandono. Trabalhamos muito e entregamos muito mais do que muitos imaginam ser poss\u00edvel&#8221;, completou.<\/p>\n<p>&nbsp;<\/p>\n<p>Ele agradeceu o presidente nacional do MDB, Baleia Rossi, pela confian\u00e7a e amizade, o deputado federal Rafael Prudente e os distritais Wellington Luiz, Hermeto, Iolando, Jaqueline Silva e Daniel Donizet, do MDB. E afirmou: &#8220;Estarei junto com voc\u00eas e com toda a nominata do MDB nesta elei\u00e7\u00e3o&#8221;.<\/p>\n<p>&nbsp;<\/p>\n","protected":false},"excerpt":{"rendered":"<p>ANA MARIA CAMPOS O ex-governador Ibaneis Rocha (MDB) divulgou h\u00e1 pouco (23\/07) uma mensagem em seu perfil nas redes sociais para falar sobre seu momento na vida p\u00fablica, depois de duas semanas afastado de Bras\u00edlia em sua fazenda em Corrente, no Piau\u00ed, de onde anunciou a mudan\u00e7a nos rumos de sua trajet\u00f3ria pol\u00edtica. O emedebista afirmou que, ap\u00f3s muita reflex\u00e3o, [&hellip;]<\/p>\n","protected":false},"author":9,"featured_media":22196,"comment_status":"open","ping_status":"closed","sticky":false,"template":"","format":"standard","meta":{"footnotes":""},"categories":[2089,1455,184,7,6],"tags":[4486,4197,966,4487,3413,62],"class_list":["post-29164","post","type-post","status-publish","format-standard","has-post-thumbnail","hentry","category-eixo-capital","category-eleicoes","category-entrevistas","category-gdf","category-noticias","tag-decisao-dificil","tag-desistencia","tag-ibaneis","tag-mensagem","tag-redes-sociais","tag-senado"],"_links":{"self":[{"href":"https:\/\/blogs.correiobraziliense.com.br\/cbpoder\/wp-json\/wp\/v2\/posts\/29164","targetHints":{"allow":["GET"]}}],"collection":[{"href":"https:\/\/blogs.correiobraziliense.com.br\/cbpoder\/wp-json\/wp\/v2\/posts"}],"about":[{"href":"https:\/\/blogs.correiobraziliense.com.br\/cbpoder\/wp-json\/wp\/v2\/types\/post"}],"author":[{"embeddable":true,"href":"https:\/\/blogs.correiobraziliense.com.br\/cbpoder\/wp-json\/wp\/v2\/users\/9"}],"replies":[{"embeddable":true,"href":"https:\/\/blogs.correiobraziliense.com.br\/cbpoder\/wp-json\/wp\/v2\/comments?post=29164"}],"version-history":[{"count":1,"href":"https:\/\/blogs.correiobraziliense.com.br\/cbpoder\/wp-json\/wp\/v2\/posts\/29164\/revisions"}],"predecessor-version":[{"id":29165,"href":"https:\/\/blogs.correiobraziliense.com.br\/cbpoder\/wp-json\/wp\/v2\/posts\/29164\/revisions\/29165"}],"wp:featuredmedia":[{"embeddable":true,"href":"https:\/\/blogs.correiobraziliense.com.br\/cbpoder\/wp-json\/wp\/v2\/media\/22196"}],"wp:attachment":[{"href":"https:\/\/blogs.correiobraziliense.com.br\/cbpoder\/wp-json\/wp\/v2\/media?parent=29164"}],"wp:term":[{"taxonomy":"category","embeddable":true,"href":"https:\/\/blogs.correiobraziliense.com.br\/cbpoder\/wp-json\/wp\/v2\/categories?post=29164"},{"taxonomy":"post_tag","embeddable":true,"href":"https:\/\/blogs.correiobraziliense.com.br\/cbpoder\/wp-json\/wp\/v2\/tags?post=29164"}],"curies":[{"name":"wp","href":"https:\/\/api.w.org\/{rel}","templated":true}]}}