{"id":29161,"date":"2026-07-23T15:01:07","date_gmt":"2026-07-23T18:01:07","guid":{"rendered":"https:\/\/blogs.correiobraziliense.com.br\/cbpoder\/?p=29161"},"modified":"2026-07-23T15:02:03","modified_gmt":"2026-07-23T18:02:03","slug":"com-grass-ou-cappelli-leila-e-a-aliada-mais-cobicada","status":"publish","type":"post","link":"https:\/\/blogs.correiobraziliense.com.br\/cbpoder\/com-grass-ou-cappelli-leila-e-a-aliada-mais-cobicada\/","title":{"rendered":"Com Grass ou Cappelli? Leila \u00e9 a aliada mais cobi\u00e7ada"},"content":{"rendered":"<h4>ANA MARIA CAMPOS\/EIXO CAPITAL<\/h4>\n<p>O PDT-DF marcou a conven\u00e7\u00e3o regional para 1\u00ba de agosto na sede nacional do partido. O encontro vai sacramentar a candidatura da senadora Leila do V\u00f4lei \u00e0 reelei\u00e7\u00e3o e aprovar a nominata para deputados federais e distritais, al\u00e9m de ratificar o apoio ao presidente Lula.<\/p>\n<p>&nbsp;<\/p>\n<p>Mas vai deixar uma quest\u00e3o no ar: a coliga\u00e7\u00e3o. O partido vai manter o suspense sobre alian\u00e7as \u2014 com Leandro Grass (PT) ou Ricardo Cappelli (PSB) \u2014 at\u00e9 o limite.<\/p>\n<p>&nbsp;<\/p>\n<p>Quando algu\u00e9m pergunta a Leila qual ser\u00e1 o caminho, a senadora afirma que ainda aposta na forma\u00e7\u00e3o de uma ampla alian\u00e7a de centro-esquerda. Resposta em que n\u00e3o desagrada nenhum lado.<\/p>\n","protected":false},"excerpt":{"rendered":"<p>ANA MARIA CAMPOS\/EIXO CAPITAL O PDT-DF marcou a conven\u00e7\u00e3o regional para 1\u00ba de agosto na sede nacional do partido. O encontro vai sacramentar a candidatura da senadora Leila do V\u00f4lei \u00e0 reelei\u00e7\u00e3o e aprovar a nominata para deputados federais e distritais, al\u00e9m de ratificar o apoio ao presidente Lula. &nbsp; Mas vai deixar uma quest\u00e3o no ar: a coliga\u00e7\u00e3o. O [&hellip;]<\/p>\n","protected":false},"author":9,"featured_media":14577,"comment_status":"open","ping_status":"closed","sticky":false,"template":"","format":"standard","meta":{"footnotes":""},"categories":[234],"tags":[1826,1557,1408,267,3255],"class_list":["post-29161","post","type-post","status-publish","format-standard","has-post-thumbnail","hentry","category-cb-poder","tag-convencao","tag-leandro-grass","tag-leila-do-volei","tag-pdt","tag-ricardo-cappelli"],"_links":{"self":[{"href":"https:\/\/blogs.correiobraziliense.com.br\/cbpoder\/wp-json\/wp\/v2\/posts\/29161","targetHints":{"allow":["GET"]}}],"collection":[{"href":"https:\/\/blogs.correiobraziliense.com.br\/cbpoder\/wp-json\/wp\/v2\/posts"}],"about":[{"href":"https:\/\/blogs.correiobraziliense.com.br\/cbpoder\/wp-json\/wp\/v2\/types\/post"}],"author":[{"embeddable":true,"href":"https:\/\/blogs.correiobraziliense.com.br\/cbpoder\/wp-json\/wp\/v2\/users\/9"}],"replies":[{"embeddable":true,"href":"https:\/\/blogs.correiobraziliense.com.br\/cbpoder\/wp-json\/wp\/v2\/comments?post=29161"}],"version-history":[{"count":2,"href":"https:\/\/blogs.correiobraziliense.com.br\/cbpoder\/wp-json\/wp\/v2\/posts\/29161\/revisions"}],"predecessor-version":[{"id":29163,"href":"https:\/\/blogs.correiobraziliense.com.br\/cbpoder\/wp-json\/wp\/v2\/posts\/29161\/revisions\/29163"}],"wp:featuredmedia":[{"embeddable":true,"href":"https:\/\/blogs.correiobraziliense.com.br\/cbpoder\/wp-json\/wp\/v2\/media\/14577"}],"wp:attachment":[{"href":"https:\/\/blogs.correiobraziliense.com.br\/cbpoder\/wp-json\/wp\/v2\/media?parent=29161"}],"wp:term":[{"taxonomy":"category","embeddable":true,"href":"https:\/\/blogs.correiobraziliense.com.br\/cbpoder\/wp-json\/wp\/v2\/categories?post=29161"},{"taxonomy":"post_tag","embeddable":true,"href":"https:\/\/blogs.correiobraziliense.com.br\/cbpoder\/wp-json\/wp\/v2\/tags?post=29161"}],"curies":[{"name":"wp","href":"https:\/\/api.w.org\/{rel}","templated":true}]}}