{"id":29157,"date":"2026-07-23T14:45:12","date_gmt":"2026-07-23T17:45:12","guid":{"rendered":"https:\/\/blogs.correiobraziliense.com.br\/cbpoder\/?p=29157"},"modified":"2026-07-23T14:46:27","modified_gmt":"2026-07-23T17:46:27","slug":"cupula-do-mdb-aposta-em-candidaturas-para-deputado-federal-no-df-e-apoio-a-celina","status":"publish","type":"post","link":"https:\/\/blogs.correiobraziliense.com.br\/cbpoder\/cupula-do-mdb-aposta-em-candidaturas-para-deputado-federal-no-df-e-apoio-a-celina\/","title":{"rendered":"C\u00fapula do MDB aposta em candidaturas para deputado federal no DF e apoio a Celina"},"content":{"rendered":"<h4>ANA MARIA CAMPOS\/EIXO CAPITAL<\/h4>\n<p>Integrantes da dire\u00e7\u00e3o nacional do MDB acompanham, de longe, a movimenta\u00e7\u00e3o do partido no Distrito Federal e os rumores de candidatura pr\u00f3pria ao Pal\u00e1cio do Buriti.<\/p>\n<p>&nbsp;<\/p>\n<p>Mas essa possibilidade n\u00e3o \u00e9 vista com bons olhos. A prefer\u00eancia da c\u00fapula \u00e9 que a legenda se alie \u00e0 governadora Celina Le\u00e3o (PP) para a disputa \u00e0 reelei\u00e7\u00e3o e concentre todas as for\u00e7as para a elei\u00e7\u00e3o de uma boa bancada de deputados federais.<\/p>\n<p>&nbsp;<\/p>\n<p>Entre integrantes da executiva nacional, o entendimento \u00e9 de que o\u00a0ex-governador Ibaneis Rocha n\u00e3o tem mais poder para um cavalo de pau capaz de mudar esse caminho. E se ele topar disputar o mandato de deputado federal, ser\u00e1 aplaudido no MDB.<\/p>\n","protected":false},"excerpt":{"rendered":"<p>ANA MARIA CAMPOS\/EIXO CAPITAL Integrantes da dire\u00e7\u00e3o nacional do MDB acompanham, de longe, a movimenta\u00e7\u00e3o do partido no Distrito Federal e os rumores de candidatura pr\u00f3pria ao Pal\u00e1cio do Buriti. &nbsp; Mas essa possibilidade n\u00e3o \u00e9 vista com bons olhos. A prefer\u00eancia da c\u00fapula \u00e9 que a legenda se alie \u00e0 governadora Celina Le\u00e3o (PP) para a disputa \u00e0 reelei\u00e7\u00e3o [&hellip;]<\/p>\n","protected":false},"author":9,"featured_media":17213,"comment_status":"open","ping_status":"closed","sticky":false,"template":"","format":"standard","meta":{"footnotes":""},"categories":[234],"tags":[113,2002,966,1415],"class_list":["post-29157","post","type-post","status-publish","format-standard","has-post-thumbnail","hentry","category-cb-poder","tag-celina-leao","tag-deputado-federal","tag-ibaneis","tag-mdb"],"_links":{"self":[{"href":"https:\/\/blogs.correiobraziliense.com.br\/cbpoder\/wp-json\/wp\/v2\/posts\/29157","targetHints":{"allow":["GET"]}}],"collection":[{"href":"https:\/\/blogs.correiobraziliense.com.br\/cbpoder\/wp-json\/wp\/v2\/posts"}],"about":[{"href":"https:\/\/blogs.correiobraziliense.com.br\/cbpoder\/wp-json\/wp\/v2\/types\/post"}],"author":[{"embeddable":true,"href":"https:\/\/blogs.correiobraziliense.com.br\/cbpoder\/wp-json\/wp\/v2\/users\/9"}],"replies":[{"embeddable":true,"href":"https:\/\/blogs.correiobraziliense.com.br\/cbpoder\/wp-json\/wp\/v2\/comments?post=29157"}],"version-history":[{"count":3,"href":"https:\/\/blogs.correiobraziliense.com.br\/cbpoder\/wp-json\/wp\/v2\/posts\/29157\/revisions"}],"predecessor-version":[{"id":29160,"href":"https:\/\/blogs.correiobraziliense.com.br\/cbpoder\/wp-json\/wp\/v2\/posts\/29157\/revisions\/29160"}],"wp:featuredmedia":[{"embeddable":true,"href":"https:\/\/blogs.correiobraziliense.com.br\/cbpoder\/wp-json\/wp\/v2\/media\/17213"}],"wp:attachment":[{"href":"https:\/\/blogs.correiobraziliense.com.br\/cbpoder\/wp-json\/wp\/v2\/media?parent=29157"}],"wp:term":[{"taxonomy":"category","embeddable":true,"href":"https:\/\/blogs.correiobraziliense.com.br\/cbpoder\/wp-json\/wp\/v2\/categories?post=29157"},{"taxonomy":"post_tag","embeddable":true,"href":"https:\/\/blogs.correiobraziliense.com.br\/cbpoder\/wp-json\/wp\/v2\/tags?post=29157"}],"curies":[{"name":"wp","href":"https:\/\/api.w.org\/{rel}","templated":true}]}}