{"id":29155,"date":"2026-07-22T14:46:48","date_gmt":"2026-07-22T17:46:48","guid":{"rendered":"https:\/\/blogs.correiobraziliense.com.br\/cbpoder\/?p=29155"},"modified":"2026-07-22T14:46:48","modified_gmt":"2026-07-22T17:46:48","slug":"uniao-brasil-deve-lancar-sandro-avelar-ao-senado","status":"publish","type":"post","link":"https:\/\/blogs.correiobraziliense.com.br\/cbpoder\/uniao-brasil-deve-lancar-sandro-avelar-ao-senado\/","title":{"rendered":"Uni\u00e3o Brasil deve lan\u00e7ar Sandro Avelar ao Senado"},"content":{"rendered":"<h4>ANA MARIA CAMPOS<\/h4>\n<p>Novidades \u00e0 vista na pol\u00edtica do DF. Sandro Avelar, ex-secret\u00e1rio de seguran\u00e7a p\u00fablica, pode ser candidato ao Senado pelo Uni\u00e3o Brasil.<\/p>\n<p>&nbsp;<\/p>\n<p>O partido aposta no curr\u00edculo de Avelar, ex-diretor-executivo da Pol\u00edcia Federal e duas vezes secret\u00e1rio de Seguran\u00e7a P\u00fablica do DF.<\/p>\n<p>&nbsp;<\/p>\n<p>O fato de Avelar ter deixado Bras\u00edlia na condi\u00e7\u00e3o de capital mais segura do Brasil, segundo dados do Minist\u00e9rio da Justi\u00e7a, encorajou o partido, que v\u00ea na sa\u00edda de Ibaneis Rocha (MDB) da corrida eleitoral, um espa\u00e7o aberto para uma candidatura de centro-direita ao Senado.<\/p>\n<p>&nbsp;<\/p>\n<p>O Uni\u00e3o Brasil est\u00e1 ligado em federa\u00e7\u00e3o com o PP da governadora Celina Le\u00e3o. Os dois partidos far\u00e3o conven\u00e7\u00e3o conjunta em 2 de agosto, quando as candidaturas ser\u00e3o oficializadas.<\/p>\n","protected":false},"excerpt":{"rendered":"<p>ANA MARIA CAMPOS Novidades \u00e0 vista na pol\u00edtica do DF. Sandro Avelar, ex-secret\u00e1rio de seguran\u00e7a p\u00fablica, pode ser candidato ao Senado pelo Uni\u00e3o Brasil. &nbsp; O partido aposta no curr\u00edculo de Avelar, ex-diretor-executivo da Pol\u00edcia Federal e duas vezes secret\u00e1rio de Seguran\u00e7a P\u00fablica do DF. &nbsp; O fato de Avelar ter deixado Bras\u00edlia na condi\u00e7\u00e3o de capital mais segura do [&hellip;]<\/p>\n","protected":false},"author":9,"featured_media":26280,"comment_status":"open","ping_status":"closed","sticky":false,"template":"","format":"standard","meta":{"footnotes":""},"categories":[234,2089,1455,6],"tags":[3786,3250,62,3056],"class_list":["post-29155","post","type-post","status-publish","format-standard","has-post-thumbnail","hentry","category-cb-poder","category-eixo-capital","category-eleicoes","category-noticias","tag-eleicoes-2026","tag-sandro-avelar","tag-senado","tag-uniao-brasil"],"_links":{"self":[{"href":"https:\/\/blogs.correiobraziliense.com.br\/cbpoder\/wp-json\/wp\/v2\/posts\/29155","targetHints":{"allow":["GET"]}}],"collection":[{"href":"https:\/\/blogs.correiobraziliense.com.br\/cbpoder\/wp-json\/wp\/v2\/posts"}],"about":[{"href":"https:\/\/blogs.correiobraziliense.com.br\/cbpoder\/wp-json\/wp\/v2\/types\/post"}],"author":[{"embeddable":true,"href":"https:\/\/blogs.correiobraziliense.com.br\/cbpoder\/wp-json\/wp\/v2\/users\/9"}],"replies":[{"embeddable":true,"href":"https:\/\/blogs.correiobraziliense.com.br\/cbpoder\/wp-json\/wp\/v2\/comments?post=29155"}],"version-history":[{"count":1,"href":"https:\/\/blogs.correiobraziliense.com.br\/cbpoder\/wp-json\/wp\/v2\/posts\/29155\/revisions"}],"predecessor-version":[{"id":29156,"href":"https:\/\/blogs.correiobraziliense.com.br\/cbpoder\/wp-json\/wp\/v2\/posts\/29155\/revisions\/29156"}],"wp:featuredmedia":[{"embeddable":true,"href":"https:\/\/blogs.correiobraziliense.com.br\/cbpoder\/wp-json\/wp\/v2\/media\/26280"}],"wp:attachment":[{"href":"https:\/\/blogs.correiobraziliense.com.br\/cbpoder\/wp-json\/wp\/v2\/media?parent=29155"}],"wp:term":[{"taxonomy":"category","embeddable":true,"href":"https:\/\/blogs.correiobraziliense.com.br\/cbpoder\/wp-json\/wp\/v2\/categories?post=29155"},{"taxonomy":"post_tag","embeddable":true,"href":"https:\/\/blogs.correiobraziliense.com.br\/cbpoder\/wp-json\/wp\/v2\/tags?post=29155"}],"curies":[{"name":"wp","href":"https:\/\/api.w.org\/{rel}","templated":true}]}}