{"id":29152,"date":"2026-07-22T13:17:24","date_gmt":"2026-07-22T16:17:24","guid":{"rendered":"https:\/\/blogs.correiobraziliense.com.br\/cbpoder\/?p=29152"},"modified":"2026-07-22T13:17:24","modified_gmt":"2026-07-22T16:17:24","slug":"celina-nomeia-novo-secretario-de-obras-do-df","status":"publish","type":"post","link":"https:\/\/blogs.correiobraziliense.com.br\/cbpoder\/celina-nomeia-novo-secretario-de-obras-do-df\/","title":{"rendered":"Celina nomeia novo secret\u00e1rio de Obras do DF"},"content":{"rendered":"<p>A governadora Celina Le\u00e3o nomeou nesta quarta-feira (22) Guilherme Nery da Fonseca Coelho como novo secret\u00e1rio de Obras do Distrito Federal.<\/p>\n<p>&nbsp;<\/p>\n<p>O ato foi publicada em edi\u00e7\u00e3o do Di\u00e1rio Oficial. Ele vai substituir Valter Casimiro que pediu exonera\u00e7\u00e3o na semana passada para assumir um cargo na iniciativa privada.<\/p>\n<p>&nbsp;<\/p>\n<p>Guilherme \u00e9 administrador de empresas pela Universidade Cat\u00f3lica de Bras\u00edlia (UCB), com programa de estudos em Economia na Harvard University Extension School, nos Estados Unidos.<\/p>\n<p>&nbsp;<\/p>\n<p>\u00c9 servidor efetivo do Governo do Distrito Federal, com carreira de Estado como analista de Pol\u00edticas P\u00fablicas e Gest\u00e3o Governamental, h\u00e1 17 anos.<\/p>\n<p>&nbsp;<\/p>\n<p>Ao longo de sua trajet\u00f3ria na administra\u00e7\u00e3o p\u00fablica, ocupou cargos de lideran\u00e7a no GDF, entre eles diretor de Gest\u00e3o de Pessoas, coordenador de Capta\u00e7\u00e3o Internacional e subsecret\u00e1rio de Administra\u00e7\u00e3o Geral.<\/p>\n<p>&nbsp;<\/p>\n<p>Nessas fun\u00e7\u00f5es, atuou na estrutura\u00e7\u00e3o e gest\u00e3o de opera\u00e7\u00f5es com organismos multilaterais, como BID, Banco Mundial, CAF, AFD e JICA, e foi respons\u00e1vel pela capta\u00e7\u00e3o, coordena\u00e7\u00e3o, execu\u00e7\u00e3o e presta\u00e7\u00e3o de contas de uma carteira de investimentos em obras e servi\u00e7os superior a R$ 3,5 bilh\u00f5es, voltada \u00e0 execu\u00e7\u00e3o de projetos estrat\u00e9gicos de infraestrutura e desenvolvimento.<\/p>\n<p>&nbsp;<\/p>\n<p>Na \u00e1rea de governan\u00e7a, presidiu o Conselho Fiscal da Caesb (2016-2019), foi conselheiro de Administra\u00e7\u00e3o da companhia (2019-2023), conselheiro titular do Conselho de Administra\u00e7\u00e3o do Fundurb\/Seduh e conselheiro suplente do Conselho de Administra\u00e7\u00e3o do Sebrae-DF (2013-2015).<\/p>\n<p>&nbsp;<\/p>\n<p>Entre os desafios que Guilherme ter\u00e1 \u00e0 frente da pasta est\u00e3o a mudan\u00e7a da secretaria para o CAD-DF, a execu\u00e7\u00e3o das obras do P\u00f4r do Sol e a finaliza\u00e7\u00e3o da EPIG.<\/p>\n","protected":false},"excerpt":{"rendered":"<p>A governadora Celina Le\u00e3o nomeou nesta quarta-feira (22) Guilherme Nery da Fonseca Coelho como novo secret\u00e1rio de Obras do Distrito Federal. &nbsp; O ato foi publicada em edi\u00e7\u00e3o do Di\u00e1rio Oficial. Ele vai substituir Valter Casimiro que pediu exonera\u00e7\u00e3o na semana passada para assumir um cargo na iniciativa privada. &nbsp; Guilherme \u00e9 administrador de empresas pela Universidade Cat\u00f3lica de Bras\u00edlia [&hellip;]<\/p>\n","protected":false},"author":9,"featured_media":29153,"comment_status":"open","ping_status":"closed","sticky":false,"template":"","format":"standard","meta":{"footnotes":""},"categories":[2089,7,6],"tags":[113,16,4484,4485],"class_list":["post-29152","post","type-post","status-publish","format-standard","has-post-thumbnail","hentry","category-eixo-capital","category-gdf","category-noticias","tag-celina-leao","tag-gdf","tag-guilherme-nery-da-fonseca-coelho","tag-secretario-de-obras-do-df"],"_links":{"self":[{"href":"https:\/\/blogs.correiobraziliense.com.br\/cbpoder\/wp-json\/wp\/v2\/posts\/29152","targetHints":{"allow":["GET"]}}],"collection":[{"href":"https:\/\/blogs.correiobraziliense.com.br\/cbpoder\/wp-json\/wp\/v2\/posts"}],"about":[{"href":"https:\/\/blogs.correiobraziliense.com.br\/cbpoder\/wp-json\/wp\/v2\/types\/post"}],"author":[{"embeddable":true,"href":"https:\/\/blogs.correiobraziliense.com.br\/cbpoder\/wp-json\/wp\/v2\/users\/9"}],"replies":[{"embeddable":true,"href":"https:\/\/blogs.correiobraziliense.com.br\/cbpoder\/wp-json\/wp\/v2\/comments?post=29152"}],"version-history":[{"count":1,"href":"https:\/\/blogs.correiobraziliense.com.br\/cbpoder\/wp-json\/wp\/v2\/posts\/29152\/revisions"}],"predecessor-version":[{"id":29154,"href":"https:\/\/blogs.correiobraziliense.com.br\/cbpoder\/wp-json\/wp\/v2\/posts\/29152\/revisions\/29154"}],"wp:featuredmedia":[{"embeddable":true,"href":"https:\/\/blogs.correiobraziliense.com.br\/cbpoder\/wp-json\/wp\/v2\/media\/29153"}],"wp:attachment":[{"href":"https:\/\/blogs.correiobraziliense.com.br\/cbpoder\/wp-json\/wp\/v2\/media?parent=29152"}],"wp:term":[{"taxonomy":"category","embeddable":true,"href":"https:\/\/blogs.correiobraziliense.com.br\/cbpoder\/wp-json\/wp\/v2\/categories?post=29152"},{"taxonomy":"post_tag","embeddable":true,"href":"https:\/\/blogs.correiobraziliense.com.br\/cbpoder\/wp-json\/wp\/v2\/tags?post=29152"}],"curies":[{"name":"wp","href":"https:\/\/api.w.org\/{rel}","templated":true}]}}