{"id":29147,"date":"2026-07-22T02:20:16","date_gmt":"2026-07-22T05:20:16","guid":{"rendered":"https:\/\/blogs.correiobraziliense.com.br\/cbpoder\/?p=29147"},"modified":"2026-07-22T02:22:56","modified_gmt":"2026-07-22T05:22:56","slug":"professora-fatima-ainda-acredita-numa-grande-frente-de-esquerda-no-df","status":"publish","type":"post","link":"https:\/\/blogs.correiobraziliense.com.br\/cbpoder\/professora-fatima-ainda-acredita-numa-grande-frente-de-esquerda-no-df\/","title":{"rendered":"Professora F\u00e1tima ainda acredita numa grande frente de esquerda no DF"},"content":{"rendered":"<h4>ANA MARIA CAMPOS\/EIXO CAPITAL<\/h4>\n<p class=\"p1\">O PDT nacional fez a conven\u00e7\u00e3o nesta segunda-feira (20\/07) com a presen\u00e7a do presidente Lula e o partido presidido por Carlos Lupi vai apoiar a reelei\u00e7\u00e3o.<\/p>\n<p>&nbsp;<\/p>\n<p class=\"p1\">Deve seguir o mesmo caminho no DF, numa alian\u00e7a com Leandro Grass (PT).<\/p>\n<p>&nbsp;<\/p>\n<p class=\"p1\">Mas a professora F\u00e1tima Sousa, pr\u00e9-candidata do PDT \u00e0 C\u00e2mara dos Deputados, ainda acredita numa alian\u00e7a que garanta uma frente de partidos de esquerda e centro-esquerda para disputar as elei\u00e7\u00f5es no DF.<\/p>\n<p>&nbsp;<\/p>\n<blockquote>\n<p class=\"p1\">\u201cN\u00e3o vamos desistir da uni\u00e3o para constru\u00e7\u00e3o de uma frente democr\u00e1tica\u201d, afirma F\u00e1tima.<\/p>\n<\/blockquote>\n","protected":false},"excerpt":{"rendered":"<p>ANA MARIA CAMPOS\/EIXO CAPITAL O PDT nacional fez a conven\u00e7\u00e3o nesta segunda-feira (20\/07) com a presen\u00e7a do presidente Lula e o partido presidido por Carlos Lupi vai apoiar a reelei\u00e7\u00e3o. &nbsp; Deve seguir o mesmo caminho no DF, numa alian\u00e7a com Leandro Grass (PT). &nbsp; Mas a professora F\u00e1tima Sousa, pr\u00e9-candidata do PDT \u00e0 C\u00e2mara dos Deputados, ainda acredita numa [&hellip;]<\/p>\n","protected":false},"author":9,"featured_media":29148,"comment_status":"open","ping_status":"closed","sticky":false,"template":"","format":"standard","meta":{"footnotes":""},"categories":[234,2089,1455,6],"tags":[3786,1480,4482,1557,788,267,52,290,4483],"class_list":["post-29147","post","type-post","status-publish","format-standard","has-post-thumbnail","hentry","category-cb-poder","category-eixo-capital","category-eleicoes","category-noticias","tag-eleicoes-2026","tag-fatima-sousa","tag-frente-de-esquerda","tag-leandro-grass","tag-lula","tag-pdt","tag-psb","tag-pt","tag-pt-pcdob-pv"],"_links":{"self":[{"href":"https:\/\/blogs.correiobraziliense.com.br\/cbpoder\/wp-json\/wp\/v2\/posts\/29147","targetHints":{"allow":["GET"]}}],"collection":[{"href":"https:\/\/blogs.correiobraziliense.com.br\/cbpoder\/wp-json\/wp\/v2\/posts"}],"about":[{"href":"https:\/\/blogs.correiobraziliense.com.br\/cbpoder\/wp-json\/wp\/v2\/types\/post"}],"author":[{"embeddable":true,"href":"https:\/\/blogs.correiobraziliense.com.br\/cbpoder\/wp-json\/wp\/v2\/users\/9"}],"replies":[{"embeddable":true,"href":"https:\/\/blogs.correiobraziliense.com.br\/cbpoder\/wp-json\/wp\/v2\/comments?post=29147"}],"version-history":[{"count":2,"href":"https:\/\/blogs.correiobraziliense.com.br\/cbpoder\/wp-json\/wp\/v2\/posts\/29147\/revisions"}],"predecessor-version":[{"id":29151,"href":"https:\/\/blogs.correiobraziliense.com.br\/cbpoder\/wp-json\/wp\/v2\/posts\/29147\/revisions\/29151"}],"wp:featuredmedia":[{"embeddable":true,"href":"https:\/\/blogs.correiobraziliense.com.br\/cbpoder\/wp-json\/wp\/v2\/media\/29148"}],"wp:attachment":[{"href":"https:\/\/blogs.correiobraziliense.com.br\/cbpoder\/wp-json\/wp\/v2\/media?parent=29147"}],"wp:term":[{"taxonomy":"category","embeddable":true,"href":"https:\/\/blogs.correiobraziliense.com.br\/cbpoder\/wp-json\/wp\/v2\/categories?post=29147"},{"taxonomy":"post_tag","embeddable":true,"href":"https:\/\/blogs.correiobraziliense.com.br\/cbpoder\/wp-json\/wp\/v2\/tags?post=29147"}],"curies":[{"name":"wp","href":"https:\/\/api.w.org\/{rel}","templated":true}]}}