{"id":29143,"date":"2026-07-22T02:11:22","date_gmt":"2026-07-22T05:11:22","guid":{"rendered":"https:\/\/blogs.correiobraziliense.com.br\/cbpoder\/?p=29143"},"modified":"2026-07-22T02:11:22","modified_gmt":"2026-07-22T05:11:22","slug":"candidatura-de-vanessa-bicho-tem-apoio-da-direcao-nacional-do-pt","status":"publish","type":"post","link":"https:\/\/blogs.correiobraziliense.com.br\/cbpoder\/candidatura-de-vanessa-bicho-tem-apoio-da-direcao-nacional-do-pt\/","title":{"rendered":"Candidatura de Vanessa Bicho tem apoio da dire\u00e7\u00e3o nacional do PT"},"content":{"rendered":"<h4>ANA MARIA CAMPOS\/EIXO CAPITAL<\/h4>\n<p class=\"p1\"><span class=\"s1\">Pr\u00e9-candidata a deputada federal pelo PT, Vanessa Bicho ser\u00e1 uma das prejudicadas, caso o PCdoB permane\u00e7a com duas vagas para deputado federal. <\/span><\/p>\n<p>&nbsp;<\/p>\n<p class=\"p1\"><span class=\"s1\">Mas a ativista da causa animal, que esteve no governo Lula como diretora do Departamento de Prote\u00e7\u00e3o, Defesa e Direitos Animais do Minist\u00e9rio do Meio Ambiente e Mudan\u00e7a Clim\u00e1tica, tem o apoio do presidente nacional do PT, Edinho Silva, e da deputada federal Gleisi Hoffmann (PT-PR), para viabilizar a candidatura.<\/span><\/p>\n<p class=\"p1\"><strong><span class=\"s1\"><br \/>\nDebate vai para cima<\/span><\/strong><\/p>\n<p class=\"p1\"><span class=\"s1\">O assunto ser\u00e1 definido na conven\u00e7\u00e3o regional da federa\u00e7\u00e3o PT-PCdoB-PV, em 28 de julho. Pr\u00e9-candidato do PCdoB a deputado federal, Gustavo Alves tamb\u00e9m garante que a decis\u00e3o local tem o apoio da dire\u00e7\u00e3o nacional.<\/span><\/p>\n","protected":false},"excerpt":{"rendered":"<p>ANA MARIA CAMPOS\/EIXO CAPITAL Pr\u00e9-candidata a deputada federal pelo PT, Vanessa Bicho ser\u00e1 uma das prejudicadas, caso o PCdoB permane\u00e7a com duas vagas para deputado federal. &nbsp; Mas a ativista da causa animal, que esteve no governo Lula como diretora do Departamento de Prote\u00e7\u00e3o, Defesa e Direitos Animais do Minist\u00e9rio do Meio Ambiente e Mudan\u00e7a Clim\u00e1tica, tem o apoio do [&hellip;]<\/p>\n","protected":false},"author":9,"featured_media":29144,"comment_status":"open","ping_status":"closed","sticky":false,"template":"","format":"standard","meta":{"footnotes":""},"categories":[234],"tags":[3125,4481,311,4478,3380,4480],"class_list":["post-29143","post","type-post","status-publish","format-standard","has-post-thumbnail","hentry","category-cb-poder","tag-candidatura","tag-edinho-silva","tag-eleicoes","tag-federacao-pt-pv-pcdob","tag-gleisi-hoffmann","tag-vanessa-bicho"],"_links":{"self":[{"href":"https:\/\/blogs.correiobraziliense.com.br\/cbpoder\/wp-json\/wp\/v2\/posts\/29143","targetHints":{"allow":["GET"]}}],"collection":[{"href":"https:\/\/blogs.correiobraziliense.com.br\/cbpoder\/wp-json\/wp\/v2\/posts"}],"about":[{"href":"https:\/\/blogs.correiobraziliense.com.br\/cbpoder\/wp-json\/wp\/v2\/types\/post"}],"author":[{"embeddable":true,"href":"https:\/\/blogs.correiobraziliense.com.br\/cbpoder\/wp-json\/wp\/v2\/users\/9"}],"replies":[{"embeddable":true,"href":"https:\/\/blogs.correiobraziliense.com.br\/cbpoder\/wp-json\/wp\/v2\/comments?post=29143"}],"version-history":[{"count":1,"href":"https:\/\/blogs.correiobraziliense.com.br\/cbpoder\/wp-json\/wp\/v2\/posts\/29143\/revisions"}],"predecessor-version":[{"id":29145,"href":"https:\/\/blogs.correiobraziliense.com.br\/cbpoder\/wp-json\/wp\/v2\/posts\/29143\/revisions\/29145"}],"wp:featuredmedia":[{"embeddable":true,"href":"https:\/\/blogs.correiobraziliense.com.br\/cbpoder\/wp-json\/wp\/v2\/media\/29144"}],"wp:attachment":[{"href":"https:\/\/blogs.correiobraziliense.com.br\/cbpoder\/wp-json\/wp\/v2\/media?parent=29143"}],"wp:term":[{"taxonomy":"category","embeddable":true,"href":"https:\/\/blogs.correiobraziliense.com.br\/cbpoder\/wp-json\/wp\/v2\/categories?post=29143"},{"taxonomy":"post_tag","embeddable":true,"href":"https:\/\/blogs.correiobraziliense.com.br\/cbpoder\/wp-json\/wp\/v2\/tags?post=29143"}],"curies":[{"name":"wp","href":"https:\/\/api.w.org\/{rel}","templated":true}]}}