{"id":29140,"date":"2026-07-22T02:04:42","date_gmt":"2026-07-22T05:04:42","guid":{"rendered":"https:\/\/blogs.correiobraziliense.com.br\/cbpoder\/?p=29140"},"modified":"2026-07-22T02:04:42","modified_gmt":"2026-07-22T05:04:42","slug":"juscelino-kubistchek-na-disputa-a-camara-legislativa","status":"publish","type":"post","link":"https:\/\/blogs.correiobraziliense.com.br\/cbpoder\/juscelino-kubistchek-na-disputa-a-camara-legislativa\/","title":{"rendered":"Juscelino Kubistchek na disputa \u00e0 C\u00e2mara Legislativa"},"content":{"rendered":"<h4>ANA MARIA CAMPOS\/EIXO CAPITAL<\/h4>\n<p class=\"p1\">Juscelino Kubitschek de Oliveira ser\u00e1 candidato a deputado distrital. Ele \u00e9 mineiro, m\u00e9dico, escolheu Bras\u00edlia como cidade do cora\u00e7\u00e3o e agora quer entrar para a pol\u00edtica.<\/p>\n<p>&nbsp;<\/p>\n<p class=\"p1\">Essa hist\u00f3ria n\u00e3o \u00e9 uma volta ao passado.<\/p>\n<p>&nbsp;<\/p>\n<p class=\"p1\">As elei\u00e7\u00f5es deste ano no DF ter\u00e3o um hom\u00f4nimo do fundador da capital na disputa para deputado distrital.<\/p>\n<p>&nbsp;<\/p>\n<p class=\"p1\">Vai concorrer pelo Avante.<\/p>\n<p>&nbsp;<\/p>\n<p class=\"p1\">Dr. Juscelino nasceu em Itajub\u00e1 (MG), e foi vizinho do ex-governador Jos\u00e9 Roberto Arruda (PSD). Com esse perfil, achou que era predestinado a entrar na pol\u00edtica.<\/p>\n<p>&nbsp;<\/p>\n<p class=\"p1\"><strong><span class=\"s1\">De olhos bem abertos<\/span><\/strong><\/p>\n<p class=\"p1\"><span class=\"s1\">O pai de Juscelino, Jos\u00e9 Maria de Oliveira, certa vez, escreveu uma carta para o ent\u00e3o governador de Minas, Juscelino Kubitschek, com um pedido. Foi atendido e ainda teve a correspond\u00eancia respondida pelo pr\u00f3prio JK.<br \/>\n<\/span><\/p>\n<p class=\"p1\"><span class=\"s1\"><br \/>\nPor gratid\u00e3o e admira\u00e7\u00e3o, Jos\u00e9 Maria deu ao filho o nome do pol\u00edtico. Agora, o m\u00e9dico oftalmologista quer ser deputado distrital \u201cpara abrir os olhos dos brasilienses\u201d.<\/span><\/p>\n","protected":false},"excerpt":{"rendered":"<p>ANA MARIA CAMPOS\/EIXO CAPITAL Juscelino Kubitschek de Oliveira ser\u00e1 candidato a deputado distrital. Ele \u00e9 mineiro, m\u00e9dico, escolheu Bras\u00edlia como cidade do cora\u00e7\u00e3o e agora quer entrar para a pol\u00edtica. &nbsp; Essa hist\u00f3ria n\u00e3o \u00e9 uma volta ao passado. &nbsp; As elei\u00e7\u00f5es deste ano no DF ter\u00e3o um hom\u00f4nimo do fundador da capital na disputa para deputado distrital. &nbsp; Vai [&hellip;]<\/p>\n","protected":false},"author":9,"featured_media":29141,"comment_status":"open","ping_status":"closed","sticky":false,"template":"","format":"standard","meta":{"footnotes":""},"categories":[234],"tags":[42,1412,1340,1803,4335,4479],"class_list":["post-29140","post","type-post","status-publish","format-standard","has-post-thumbnail","hentry","category-cb-poder","tag-arruda","tag-avante","tag-candidato","tag-deputado-distrital","tag-eleicoes-226","tag-juscelino-kubitschek"],"_links":{"self":[{"href":"https:\/\/blogs.correiobraziliense.com.br\/cbpoder\/wp-json\/wp\/v2\/posts\/29140","targetHints":{"allow":["GET"]}}],"collection":[{"href":"https:\/\/blogs.correiobraziliense.com.br\/cbpoder\/wp-json\/wp\/v2\/posts"}],"about":[{"href":"https:\/\/blogs.correiobraziliense.com.br\/cbpoder\/wp-json\/wp\/v2\/types\/post"}],"author":[{"embeddable":true,"href":"https:\/\/blogs.correiobraziliense.com.br\/cbpoder\/wp-json\/wp\/v2\/users\/9"}],"replies":[{"embeddable":true,"href":"https:\/\/blogs.correiobraziliense.com.br\/cbpoder\/wp-json\/wp\/v2\/comments?post=29140"}],"version-history":[{"count":1,"href":"https:\/\/blogs.correiobraziliense.com.br\/cbpoder\/wp-json\/wp\/v2\/posts\/29140\/revisions"}],"predecessor-version":[{"id":29142,"href":"https:\/\/blogs.correiobraziliense.com.br\/cbpoder\/wp-json\/wp\/v2\/posts\/29140\/revisions\/29142"}],"wp:featuredmedia":[{"embeddable":true,"href":"https:\/\/blogs.correiobraziliense.com.br\/cbpoder\/wp-json\/wp\/v2\/media\/29141"}],"wp:attachment":[{"href":"https:\/\/blogs.correiobraziliense.com.br\/cbpoder\/wp-json\/wp\/v2\/media?parent=29140"}],"wp:term":[{"taxonomy":"category","embeddable":true,"href":"https:\/\/blogs.correiobraziliense.com.br\/cbpoder\/wp-json\/wp\/v2\/categories?post=29140"},{"taxonomy":"post_tag","embeddable":true,"href":"https:\/\/blogs.correiobraziliense.com.br\/cbpoder\/wp-json\/wp\/v2\/tags?post=29140"}],"curies":[{"name":"wp","href":"https:\/\/api.w.org\/{rel}","templated":true}]}}