{"id":29138,"date":"2026-07-22T01:59:19","date_gmt":"2026-07-22T04:59:19","guid":{"rendered":"https:\/\/blogs.correiobraziliense.com.br\/cbpoder\/?p=29138"},"modified":"2026-07-22T01:59:19","modified_gmt":"2026-07-22T04:59:19","slug":"convencoes-do-psb-e-do-pt-vao-confirmar-divisao-da-esquerda-no-df","status":"publish","type":"post","link":"https:\/\/blogs.correiobraziliense.com.br\/cbpoder\/convencoes-do-psb-e-do-pt-vao-confirmar-divisao-da-esquerda-no-df\/","title":{"rendered":"Conven\u00e7\u00f5es do PSB e do PT v\u00e3o confirmar divis\u00e3o da esquerda no DF"},"content":{"rendered":"<h4>ANA MARIA CAMPOS\/EIXO CAPITAL<\/h4>\n<p class=\"p1\">O PSB e a federa\u00e7\u00e3o PT-PCdoB-PV se preparam para realizar suas conven\u00e7\u00f5es e sacramentar a divis\u00e3o do campo progressista nas elei\u00e7\u00f5es do Distrito Federal.<\/p>\n<p>&nbsp;<\/p>\n<p class=\"p1\">Houve tentativas de entendimento local e em \u00e2mbito nacional, mas ningu\u00e9m cedeu e duas candidaturas ser\u00e3o lan\u00e7adas: Ricardo Cappelli pelo PSB e Leandro Grass pela federa\u00e7\u00e3o.<\/p>\n<p>&nbsp;<\/p>\n<p class=\"p1\">Os grupos pol\u00edticos, embora sejam aliados na chapa nacional, com Lula e Geraldo Alckmin, est\u00e3o se estranhando no DF desde a campanha de 2014, quando Rodrigo Rollemberg (PSB) foi eleito governador do Distrito Federal.<\/p>\n<p>&nbsp;<\/p>\n<p class=\"p1\">A federa\u00e7\u00e3o faz a conven\u00e7\u00e3o em 28 de julho e o PSB em 2 de agosto.<\/p>\n<p>&nbsp;<\/p>\n<p class=\"p1\">O PDT fica no meio das duas candidaturas e precisa decidir com quem far\u00e1 campanha.<\/p>\n","protected":false},"excerpt":{"rendered":"<p>ANA MARIA CAMPOS\/EIXO CAPITAL O PSB e a federa\u00e7\u00e3o PT-PCdoB-PV se preparam para realizar suas conven\u00e7\u00f5es e sacramentar a divis\u00e3o do campo progressista nas elei\u00e7\u00f5es do Distrito Federal. &nbsp; Houve tentativas de entendimento local e em \u00e2mbito nacional, mas ningu\u00e9m cedeu e duas candidaturas ser\u00e3o lan\u00e7adas: Ricardo Cappelli pelo PSB e Leandro Grass pela federa\u00e7\u00e3o. &nbsp; Os grupos pol\u00edticos, embora [&hellip;]<\/p>\n","protected":false},"author":9,"featured_media":29029,"comment_status":"open","ping_status":"closed","sticky":false,"template":"","format":"standard","meta":{"footnotes":""},"categories":[234],"tags":[3786,4478,1557,52,3255],"class_list":["post-29138","post","type-post","status-publish","format-standard","has-post-thumbnail","hentry","category-cb-poder","tag-eleicoes-2026","tag-federacao-pt-pv-pcdob","tag-leandro-grass","tag-psb","tag-ricardo-cappelli"],"_links":{"self":[{"href":"https:\/\/blogs.correiobraziliense.com.br\/cbpoder\/wp-json\/wp\/v2\/posts\/29138","targetHints":{"allow":["GET"]}}],"collection":[{"href":"https:\/\/blogs.correiobraziliense.com.br\/cbpoder\/wp-json\/wp\/v2\/posts"}],"about":[{"href":"https:\/\/blogs.correiobraziliense.com.br\/cbpoder\/wp-json\/wp\/v2\/types\/post"}],"author":[{"embeddable":true,"href":"https:\/\/blogs.correiobraziliense.com.br\/cbpoder\/wp-json\/wp\/v2\/users\/9"}],"replies":[{"embeddable":true,"href":"https:\/\/blogs.correiobraziliense.com.br\/cbpoder\/wp-json\/wp\/v2\/comments?post=29138"}],"version-history":[{"count":1,"href":"https:\/\/blogs.correiobraziliense.com.br\/cbpoder\/wp-json\/wp\/v2\/posts\/29138\/revisions"}],"predecessor-version":[{"id":29139,"href":"https:\/\/blogs.correiobraziliense.com.br\/cbpoder\/wp-json\/wp\/v2\/posts\/29138\/revisions\/29139"}],"wp:featuredmedia":[{"embeddable":true,"href":"https:\/\/blogs.correiobraziliense.com.br\/cbpoder\/wp-json\/wp\/v2\/media\/29029"}],"wp:attachment":[{"href":"https:\/\/blogs.correiobraziliense.com.br\/cbpoder\/wp-json\/wp\/v2\/media?parent=29138"}],"wp:term":[{"taxonomy":"category","embeddable":true,"href":"https:\/\/blogs.correiobraziliense.com.br\/cbpoder\/wp-json\/wp\/v2\/categories?post=29138"},{"taxonomy":"post_tag","embeddable":true,"href":"https:\/\/blogs.correiobraziliense.com.br\/cbpoder\/wp-json\/wp\/v2\/tags?post=29138"}],"curies":[{"name":"wp","href":"https:\/\/api.w.org\/{rel}","templated":true}]}}