{"id":29134,"date":"2026-07-20T23:44:41","date_gmt":"2026-07-21T02:44:41","guid":{"rendered":"https:\/\/blogs.correiobraziliense.com.br\/cbpoder\/?p=29134"},"modified":"2026-07-20T23:44:41","modified_gmt":"2026-07-21T02:44:41","slug":"guilherme-sigmaringa-presidente-do-pt-df-decisao-do-pcdob-precisa-passar-pela-convencao-da-federacao","status":"publish","type":"post","link":"https:\/\/blogs.correiobraziliense.com.br\/cbpoder\/guilherme-sigmaringa-presidente-do-pt-df-decisao-do-pcdob-precisa-passar-pela-convencao-da-federacao\/","title":{"rendered":"Guilherme Sigmaringa, presidente do PT-DF: \u201cDecis\u00e3o do PCdoB precisa passar pela conven\u00e7\u00e3o da federa\u00e7\u00e3o\u201d"},"content":{"rendered":"<h4>ANA MARIA CAMPOS<\/h4>\n<p>O presidente do PT-DF, Guilherme Sigmaringa, afirma que as decis\u00f5es tomadas pelo PCdoB nesta segunda-feira (20\/07) precisam passar pela conven\u00e7\u00e3o da federa\u00e7\u00e3o formada pelo PT-PCdoB-PV, que dever\u00e1 ocorrer em 28 de julho. E as diverg\u00eancias dos partidos ser\u00e3o dirimidas pela federa\u00e7\u00e3o nacional.<\/p>\n<p>&nbsp;<\/p>\n<p>H\u00e1 discuss\u00e3o sobre o n\u00famero de candidatos a deputado federal \u2014 o PT quer lan\u00e7ar 7 \u2014 e a indica\u00e7\u00e3o de suplentes na chapa de Erika Kokay ao Senado.<\/p>\n<p>&nbsp;<\/p>\n<p>O PCdoB quer indicar seu presidente regional, Jo\u00e3o Vicente Goulart, e definiu dois candidatos a federal, Gustavo Alves e Laurinha.<\/p>\n<p>&nbsp;<\/p>\n<p>&#8220;A conclus\u00e3o da conven\u00e7\u00e3o do PCdoB em nada altera a realidade da discuss\u00e3o entre os dois partidos. O encontro do PCdoB, tal como o nosso ocorrido em maio, n\u00e3o vincula a Federa\u00e7\u00e3o&#8221;, explica Guilherme Sigmaringa.<\/p>\n<p>&nbsp;<\/p>\n<p>&#8220;O nosso estatuto prev\u00ea que, nos casos de diverg\u00eancia, o assunto ser\u00e1 resolvido pela Federa\u00e7\u00e3o Nacional. E \u00e9 justamente neste ponto que estamos. Aguardando a decis\u00e3o nacional para dar encaminhamento aqui&#8221;, acrescenta.<\/p>\n<p>&nbsp;<\/p>\n<p>Se prevalecer a decis\u00e3o do PCdoB de lan\u00e7ar dois candidatos a deputado federal, o PT ter\u00e1 de abrir m\u00e3o de dois nomes na disputa.<\/p>\n<p>&nbsp;<\/p>\n<p>Mas o PT-DF est\u00e1 tentando reverter essa decis\u00e3o.<\/p>\n","protected":false},"excerpt":{"rendered":"<p>ANA MARIA CAMPOS O presidente do PT-DF, Guilherme Sigmaringa, afirma que as decis\u00f5es tomadas pelo PCdoB nesta segunda-feira (20\/07) precisam passar pela conven\u00e7\u00e3o da federa\u00e7\u00e3o formada pelo PT-PCdoB-PV, que dever\u00e1 ocorrer em 28 de julho. E as diverg\u00eancias dos partidos ser\u00e3o dirimidas pela federa\u00e7\u00e3o nacional. &nbsp; H\u00e1 discuss\u00e3o sobre o n\u00famero de candidatos a deputado federal \u2014 o PT quer [&hellip;]<\/p>\n","protected":false},"author":9,"featured_media":29135,"comment_status":"open","ping_status":"closed","sticky":false,"template":"","format":"standard","meta":{"footnotes":""},"categories":[234,2089,1455,6],"tags":[1826,3095,3806,1070,3251,1065],"class_list":["post-29134","post","type-post","status-publish","format-standard","has-post-thumbnail","hentry","category-cb-poder","category-eixo-capital","category-eleicoes","category-noticias","tag-convencao","tag-federacao","tag-guilherme-sigmaringa","tag-pcdob","tag-pt-df","tag-pv"],"_links":{"self":[{"href":"https:\/\/blogs.correiobraziliense.com.br\/cbpoder\/wp-json\/wp\/v2\/posts\/29134","targetHints":{"allow":["GET"]}}],"collection":[{"href":"https:\/\/blogs.correiobraziliense.com.br\/cbpoder\/wp-json\/wp\/v2\/posts"}],"about":[{"href":"https:\/\/blogs.correiobraziliense.com.br\/cbpoder\/wp-json\/wp\/v2\/types\/post"}],"author":[{"embeddable":true,"href":"https:\/\/blogs.correiobraziliense.com.br\/cbpoder\/wp-json\/wp\/v2\/users\/9"}],"replies":[{"embeddable":true,"href":"https:\/\/blogs.correiobraziliense.com.br\/cbpoder\/wp-json\/wp\/v2\/comments?post=29134"}],"version-history":[{"count":1,"href":"https:\/\/blogs.correiobraziliense.com.br\/cbpoder\/wp-json\/wp\/v2\/posts\/29134\/revisions"}],"predecessor-version":[{"id":29136,"href":"https:\/\/blogs.correiobraziliense.com.br\/cbpoder\/wp-json\/wp\/v2\/posts\/29134\/revisions\/29136"}],"wp:featuredmedia":[{"embeddable":true,"href":"https:\/\/blogs.correiobraziliense.com.br\/cbpoder\/wp-json\/wp\/v2\/media\/29135"}],"wp:attachment":[{"href":"https:\/\/blogs.correiobraziliense.com.br\/cbpoder\/wp-json\/wp\/v2\/media?parent=29134"}],"wp:term":[{"taxonomy":"category","embeddable":true,"href":"https:\/\/blogs.correiobraziliense.com.br\/cbpoder\/wp-json\/wp\/v2\/categories?post=29134"},{"taxonomy":"post_tag","embeddable":true,"href":"https:\/\/blogs.correiobraziliense.com.br\/cbpoder\/wp-json\/wp\/v2\/tags?post=29134"}],"curies":[{"name":"wp","href":"https:\/\/api.w.org\/{rel}","templated":true}]}}