{"id":29123,"date":"2026-07-20T21:52:14","date_gmt":"2026-07-21T00:52:14","guid":{"rendered":"https:\/\/blogs.correiobraziliense.com.br\/cbpoder\/?p=29123"},"modified":"2026-07-20T21:53:18","modified_gmt":"2026-07-21T00:53:18","slug":"pcdob-aprova-apoio-a-leandro-grass-e-erika-kokay-e-dois-nomes-para-federal","status":"publish","type":"post","link":"https:\/\/blogs.correiobraziliense.com.br\/cbpoder\/pcdob-aprova-apoio-a-leandro-grass-e-erika-kokay-e-dois-nomes-para-federal\/","title":{"rendered":"PCdoB aprova apoio a Leandro Grass e Erika Kokay e dois nomes para federal"},"content":{"rendered":"<h4>ANA MARIA CAMPOS\/EIXO CAPITAL<\/h4>\n<p class=\"p1\">Em conve\u00e7\u00e3o regional, nesta noite (20\/07), o PCdoB-DF, de forma un\u00e2nime registrou oficialmente a disposi\u00e7\u00e3o do PCdoB em apoiar a candidatura de Leandro Grass (PT) ao Pal\u00e1cio do Buriti e a de Erika Kokay (PT) ao Senado. O PCdoB tamb\u00e9m aprovou a indica\u00e7\u00e3o do presidente do PCdoB-DF Jo\u00e3o Vicente Goulart, para a primeira supl\u00eancia ao Senado, na chapa de Kokay.<\/p>\n<p>&nbsp;<\/p>\n<p class=\"p1\">Outra decis\u00e3o importante foi a escolha da nominata de candidaturas proporcionais com os nomes de Gustavo Alves e Laurinha (foto) para a C\u00e2mara dos Deputados e Professor Elias e Ber\u00ea Darc para a C\u00e2mara Legislativa. A escolha da indica\u00e7\u00e3o da candidatura a vice-governador e das demais supl\u00eancias ao Senado foram delegadas a delibera\u00e7\u00e3o pela Comiss\u00e3o Pol\u00edtica do PCdoB-DF.<\/p>\n<p>&nbsp;<\/p>\n<p class=\"p1\"><strong>Dois nomes do PT est\u00e3o sobrando<\/strong><\/p>\n<p class=\"p1\">Com a decis\u00e3o do PCdoB, o PT vai ter que mudar os planos para a nominata de deputados federais.<\/p>\n<p>&nbsp;<\/p>\n<p class=\"p1\">A federa\u00e7\u00e3o PT-PCdoB-PV tem direito a lan\u00e7ar nove candidatos para a C\u00e2mara dos Deputados. O PCdoB n\u00e3o abriu m\u00e3o dos seus indicados, nem o PV.<\/p>\n<p>&nbsp;<\/p>\n<p class=\"p1\">Sobram cinco vagas para o PT. Mas a executiva regional escolheu sete representantes \u2014 sendo que duas candidaturas devem ser femininas, pelas regras da legisla\u00e7\u00e3o eleitoral.<\/p>\n<p>&nbsp;<\/p>\n<p class=\"p1\">Os nomes do PT s\u00e3o Agnelo Queiroz, Roberto Policarpo, Marivaldo Pereira, Ruth Venceremos, Rosilene Correa, Marcia Abrah\u00e3o e Vanessa Bicho. Dois nomes v\u00e3o sobrar.<\/p>\n","protected":false},"excerpt":{"rendered":"<p>ANA MARIA CAMPOS\/EIXO CAPITAL Em conve\u00e7\u00e3o regional, nesta noite (20\/07), o PCdoB-DF, de forma un\u00e2nime registrou oficialmente a disposi\u00e7\u00e3o do PCdoB em apoiar a candidatura de Leandro Grass (PT) ao Pal\u00e1cio do Buriti e a de Erika Kokay (PT) ao Senado. O PCdoB tamb\u00e9m aprovou a indica\u00e7\u00e3o do presidente do PCdoB-DF Jo\u00e3o Vicente Goulart, para a primeira supl\u00eancia ao Senado, [&hellip;]<\/p>\n","protected":false},"author":9,"featured_media":29124,"comment_status":"open","ping_status":"closed","sticky":false,"template":"","format":"standard","meta":{"footnotes":""},"categories":[234,2089,1455,7,6],"tags":[3153,1826,4472,4471,4473,1557,1070],"class_list":["post-29123","post","type-post","status-publish","format-standard","has-post-thumbnail","hentry","category-cb-poder","category-eixo-capital","category-eleicoes","category-gdf","category-noticias","tag-apoio","tag-convencao","tag-gustavo-alves","tag-kokay","tag-laurinha","tag-leandro-grass","tag-pcdob"],"_links":{"self":[{"href":"https:\/\/blogs.correiobraziliense.com.br\/cbpoder\/wp-json\/wp\/v2\/posts\/29123","targetHints":{"allow":["GET"]}}],"collection":[{"href":"https:\/\/blogs.correiobraziliense.com.br\/cbpoder\/wp-json\/wp\/v2\/posts"}],"about":[{"href":"https:\/\/blogs.correiobraziliense.com.br\/cbpoder\/wp-json\/wp\/v2\/types\/post"}],"author":[{"embeddable":true,"href":"https:\/\/blogs.correiobraziliense.com.br\/cbpoder\/wp-json\/wp\/v2\/users\/9"}],"replies":[{"embeddable":true,"href":"https:\/\/blogs.correiobraziliense.com.br\/cbpoder\/wp-json\/wp\/v2\/comments?post=29123"}],"version-history":[{"count":1,"href":"https:\/\/blogs.correiobraziliense.com.br\/cbpoder\/wp-json\/wp\/v2\/posts\/29123\/revisions"}],"predecessor-version":[{"id":29125,"href":"https:\/\/blogs.correiobraziliense.com.br\/cbpoder\/wp-json\/wp\/v2\/posts\/29123\/revisions\/29125"}],"wp:featuredmedia":[{"embeddable":true,"href":"https:\/\/blogs.correiobraziliense.com.br\/cbpoder\/wp-json\/wp\/v2\/media\/29124"}],"wp:attachment":[{"href":"https:\/\/blogs.correiobraziliense.com.br\/cbpoder\/wp-json\/wp\/v2\/media?parent=29123"}],"wp:term":[{"taxonomy":"category","embeddable":true,"href":"https:\/\/blogs.correiobraziliense.com.br\/cbpoder\/wp-json\/wp\/v2\/categories?post=29123"},{"taxonomy":"post_tag","embeddable":true,"href":"https:\/\/blogs.correiobraziliense.com.br\/cbpoder\/wp-json\/wp\/v2\/tags?post=29123"}],"curies":[{"name":"wp","href":"https:\/\/api.w.org\/{rel}","templated":true}]}}