{"id":29118,"date":"2026-07-19T08:14:51","date_gmt":"2026-07-19T11:14:51","guid":{"rendered":"https:\/\/blogs.correiobraziliense.com.br\/cbpoder\/?p=29118"},"modified":"2026-07-19T08:14:51","modified_gmt":"2026-07-19T11:14:51","slug":"a-hora-das-definicoes","status":"publish","type":"post","link":"https:\/\/blogs.correiobraziliense.com.br\/cbpoder\/a-hora-das-definicoes\/","title":{"rendered":"A hora das defini\u00e7\u00f5es\u00a0"},"content":{"rendered":"<p><em><strong>*Coluna Eixo Capital publicada neste domingo (19\/7) por Ana Maria Campos\u00a0<\/strong><\/em><\/p>\n<p>Nos pr\u00f3ximos 15 dias, os partidos e federa\u00e7\u00f5es v\u00e3o definir as sele\u00e7\u00f5es que v\u00e3o entrar em campo para disputar as elei\u00e7\u00f5es em 4 de outubro. At\u00e9 5 de agosto, prazo final para registro das candidaturas, muitas negocia\u00e7\u00f5es v\u00e3o ocorrer. Mas at\u00e9 l\u00e1 tudo precisa ser definido.<\/p>\n<h3>As conven\u00e7\u00f5es:<\/h3>\n<p><strong>PSol-Rede-DF\u00a0<\/strong><\/p>\n<p>25\/07<\/p>\n<p>O PSol indicou a advogada e dirigente do partido Tet\u00ea Monteiro para compor como vice a chapa liderada por Leandro Grass (PT). Na conven\u00e7\u00e3o, al\u00e9m de definir os nomes dos candidatos e candidatas para a C\u00e2mara dos Deputados e a C\u00e2mara Legislativa, o partido vai refor\u00e7ar essa demanda e tamb\u00e9m aprovar o apoio \u00e0 candidatura de Erika Kokay (PT) ao Senado.<\/p>\n<p><strong>PT-PV-PCdoB\u00a0<\/strong><\/p>\n<p>28\/07<\/p>\n<p>A federa\u00e7\u00e3o reservou a data para aprovar a candidatura de Leandro Grass (PT) ao Pal\u00e1cio do Buriti e a de Erika Kokay (PT) ao Senado, al\u00e9m de sinalizar apoio \u00e0 reelei\u00e7\u00e3o da senadora Leila do V\u00f4lei (PDT). Mas o grupo pode alterar a data para atender a articula\u00e7\u00f5es para a amplia\u00e7\u00e3o da coliga\u00e7\u00e3o.<\/p>\n<p><strong>Republicanos<\/strong><\/p>\n<p>30\/07<\/p>\n<p>O partido vai aprovar a indica\u00e7\u00e3o do advogado Gustavo Rocha para integrar como vice a chapa de Celina Le\u00e3o (PP) e definir quem ser\u00e3o os nomes na disputa para distrital e federal. O Republicanos tamb\u00e9m deve oficializar o apoio \u00e0s candidaturas do PL ao Senado, com Bia Kicis e Michelle Bolsonaro.<\/p>\n<p><strong>Novo<\/strong><\/p>\n<p>31\/07<\/p>\n<p>A conven\u00e7\u00e3o regional vai oficializar a candidatura do advogado Kiko Caputo ao Governo do Distrito Federal e do desembargador aposentado do Tribunal de Justi\u00e7a do Distrito Federal e dos Territ\u00f3rios (TJDFT) Sebasti\u00e3o Coelho ao Senado. Sair\u00e1, tamb\u00e9m, a defini\u00e7\u00e3o sobre quem ocupar\u00e1 espa\u00e7o na chapa como vice. A conven\u00e7\u00e3o para a defini\u00e7\u00e3o dos candidatos a deputado distrital e a federal ser\u00e1\u00a0amanh\u00e3.<\/p>\n<p><strong>PSD\/Avante\u00a0<\/strong><\/p>\n<p>1\u00ba\/08<\/p>\n<p>Os partidos PSD e Avante v\u00e3o fazer conven\u00e7\u00e3o conjunta para definir a chapa que apoiar\u00e3o. O ex-governador Jos\u00e9 Roberto Arruda (PSD) ser\u00e1 definido como candidato ao GDF. H\u00e1 possibilidade de que o empres\u00e1rio Paulo Octavio (PSD) seja designado para a disputa ao Senado; e o empres\u00e1rio Jorge Argello (Avante), filho do ex-senador Gim Argello, pode ser escolhido para concorrer a uma vaga majorit\u00e1ria.<\/p>\n<p><strong>MDB-DF\u00a0<\/strong><\/p>\n<p>1\u00ba\/08<\/p>\n<p>O partido define na conven\u00e7\u00e3o regional o caminho que seguir\u00e1 nas elei\u00e7\u00f5es. Entre as defini\u00e7\u00f5es, o destino de Ibaneis Rocha. Ele desistir\u00e1 mesmo de concorrer ao Senado? Vai optar por uma candidatura a deputado federal? E a legenda vai apoiar a reelei\u00e7\u00e3o de Celina Le\u00e3o ou ter\u00e1 um nome no p\u00e1reo?<\/p>\n<p><strong>PSTU<\/strong><\/p>\n<p>1\u00ba\/08<\/p>\n<p>O PSTU deve confirmar na conven\u00e7\u00e3o o lan\u00e7amento do professor Robson Raimundo ao Pal\u00e1cio do Buriti, em chapa pura, tendo como vice o historiador Ant\u00f4nio Guillen<br \/>\ne Eduardo Zanata na disputa ao Senado.<\/p>\n<p><strong>Uni\u00e3o-PP\u00a0<\/strong><\/p>\n<p>02\/08<\/p>\n<p>A coliga\u00e7\u00e3o vai confirmar a candidatura da governadora Celina Le\u00e3o \u00e0 reelei\u00e7\u00e3o. Celina deve ter como vice o advogado Gustavo Rocha (Republicanos), ex-chefe da Casa Civil, e apoiar as candidaturas de Bia Kicis (PL-DF) e Michelle Bolsonaro (PL-DF), caso se confirme.<\/p>\n<p><strong>PSB<\/strong><\/p>\n<p>03\/08<\/p>\n<p>Ricardo Cappelli deve ser confirmado candidato ao Pal\u00e1cio do Buriti. O partido tamb\u00e9m vai definir vice e quem apoiar\u00e1 na corrida ao Senado. Da conven\u00e7\u00e3o, sair\u00e3o os candidatos e candidatas a vagas proporcionais.<\/p>\n<p><strong>PSDB\u00a0<\/strong><\/p>\n<p>04\/08<\/p>\n<p>A deputada distrital Paula Belmonte \u00e9 o nome do partido para a disputa ao Pal\u00e1cio do Buriti. Por enquanto, ela n\u00e3o fechou alian\u00e7a com nenhum partido, mas \u00e9 prov\u00e1vel que tenha o Solidariedade do ex-senador Jos\u00e9 Antonio Reguffe como parceiro na disputa.<\/p>\n<p><strong>PL\u00a0<\/strong><\/p>\n<p>05\/08<\/p>\n<p>O PL vai deixar para a \u00faltima hora a defini\u00e7\u00e3o oficial sobre suas candidaturas. O partido deve lan\u00e7ar Bia Kicis e Michelle Bolsonaro na corrida ao Senado e precisa definir o destino do senador Izalci Lucas.<\/p>\n<h3>Festa para celebrar a vida<\/h3>\n<p>O deputado federal Rodrigo Rollemberg (PSB) reuniu mais de mil pessoas em comemora\u00e7\u00e3o ao seu anivers\u00e1rio de 67 anos, no Park Way. Entre os presentes, familiares, amigos de longa data e colaboradores de seu governo e de seus mandatos.<\/p>\n<h3>Time da Leoa<\/h3>\n<p>Come\u00e7ou com anima\u00e7\u00e3o a campanha da governadora Celina Le\u00e3o (PP) \u00e0 reelei\u00e7\u00e3o. Muitos aliados, festa e moradores. Ficou com cara de que a disputa eleitoral agora esquentou. Celina deu cr\u00e9dito aos companheiros de palanque. Quer ganhar e eleger uma bancada forte. &#8220;A gente tem um time. E \u00e9 esse o time da Leoa.&#8221;<\/p>\n<h3>Dinheiro n\u00e3o chega \u00e0 ponta<\/h3>\n<p>Diante do debate sobre a destina\u00e7\u00e3o de emendas parlamentares, a deputada distrital Paula Belmonte (PSDB) lembra que indicar recursos \u00e9 apenas uma etapa do processo. A efetividade desses investimentos, contudo, depende da capacidade do governo de execut\u00e1-los com efici\u00eancia e transpar\u00eancia. Como deputada federal, ela destinou mais de R$ 41 milh\u00f5es em emendas para fortalecer a sa\u00fade p\u00fablica, contemplando a aten\u00e7\u00e3o prim\u00e1ria, hospitais, unidades especializadas e pesquisa em sa\u00fade. No entanto, apenas metade desses recursos (R$ 21 milh\u00f5es) foi efetivamente executada.<\/p>\n<h3>Emendas paradas<\/h3>\n<p>Na C\u00e2mara Legislativa, este ano, Paula destinou R$ 1,4 milh\u00e3o para a aquisi\u00e7\u00e3o de equipamentos oftalmol\u00f3gicos para o HRT e o HRAN, al\u00e9m de R$ 500 mil para o Programa de Descentraliza\u00e7\u00e3o Progressiva de A\u00e7\u00f5es de Sa\u00fade (PDPAS). Em 2024, R$ 1 milh\u00e3o j\u00e1 havia sido destinado ao mesmo programa. Entretanto, os n\u00fameros do pr\u00f3prio governo mostram que 58,7% dos recursos enviados ao PDPAS deixaram de ser executados, evidenciando que o principal desafio n\u00e3o est\u00e1 na destina\u00e7\u00e3o dos recursos, mas na capacidade do governo de execut\u00e1-los.<\/p>\n<h3>Mandou bem<\/h3>\n<p>Perdendo ou ganhando hoje, a sele\u00e7\u00e3o Argentina merece os parab\u00e9ns pela determina\u00e7\u00e3o e amor pela camisa que a levaram a virar os jogos do mata-mata da Copa do Mundo e chegar \u00e0 final. \u00c9 bonito ver um time apaixonado assim, mesmo que seja um eterno rival da Sele\u00e7\u00e3o Brasileira.<\/p>\n<h3>Mandou mal<\/h3>\n<p>O Brasil nem parece mais ser o pa\u00eds do futebol. A nossa Sele\u00e7\u00e3o chegou\u00a0\u00e0 Copa do Mundo sem favoritismo e confirmou esse pron\u00f3stico. Foi eliminada nas oitavas de final em um jogo sem suar a camisa. Triste para os torcedores que tanto amam ver a bola na rede para gritar:&#8221;Brasil&#8221;.<\/p>\n<p>&nbsp;<\/p>\n","protected":false},"excerpt":{"rendered":"<p>*Coluna Eixo Capital publicada neste domingo (19\/7) por Ana Maria Campos\u00a0 Nos pr\u00f3ximos 15 dias, os partidos e federa\u00e7\u00f5es v\u00e3o definir as sele\u00e7\u00f5es que v\u00e3o entrar em campo para disputar as elei\u00e7\u00f5es em 4 de outubro. At\u00e9 5 de agosto, prazo final para registro das candidaturas, muitas negocia\u00e7\u00f5es v\u00e3o ocorrer. Mas at\u00e9 l\u00e1 tudo precisa ser definido. As conven\u00e7\u00f5es: PSol-Rede-DF\u00a0 [&hellip;]<\/p>\n","protected":false},"author":164,"featured_media":29119,"comment_status":"open","ping_status":"closed","sticky":false,"template":"","format":"standard","meta":{"footnotes":""},"categories":[2089],"tags":[179,3786],"class_list":["post-29118","post","type-post","status-publish","format-standard","has-post-thumbnail","hentry","category-eixo-capital","tag-df","tag-eleicoes-2026"],"_links":{"self":[{"href":"https:\/\/blogs.correiobraziliense.com.br\/cbpoder\/wp-json\/wp\/v2\/posts\/29118","targetHints":{"allow":["GET"]}}],"collection":[{"href":"https:\/\/blogs.correiobraziliense.com.br\/cbpoder\/wp-json\/wp\/v2\/posts"}],"about":[{"href":"https:\/\/blogs.correiobraziliense.com.br\/cbpoder\/wp-json\/wp\/v2\/types\/post"}],"author":[{"embeddable":true,"href":"https:\/\/blogs.correiobraziliense.com.br\/cbpoder\/wp-json\/wp\/v2\/users\/164"}],"replies":[{"embeddable":true,"href":"https:\/\/blogs.correiobraziliense.com.br\/cbpoder\/wp-json\/wp\/v2\/comments?post=29118"}],"version-history":[{"count":1,"href":"https:\/\/blogs.correiobraziliense.com.br\/cbpoder\/wp-json\/wp\/v2\/posts\/29118\/revisions"}],"predecessor-version":[{"id":29120,"href":"https:\/\/blogs.correiobraziliense.com.br\/cbpoder\/wp-json\/wp\/v2\/posts\/29118\/revisions\/29120"}],"wp:featuredmedia":[{"embeddable":true,"href":"https:\/\/blogs.correiobraziliense.com.br\/cbpoder\/wp-json\/wp\/v2\/media\/29119"}],"wp:attachment":[{"href":"https:\/\/blogs.correiobraziliense.com.br\/cbpoder\/wp-json\/wp\/v2\/media?parent=29118"}],"wp:term":[{"taxonomy":"category","embeddable":true,"href":"https:\/\/blogs.correiobraziliense.com.br\/cbpoder\/wp-json\/wp\/v2\/categories?post=29118"},{"taxonomy":"post_tag","embeddable":true,"href":"https:\/\/blogs.correiobraziliense.com.br\/cbpoder\/wp-json\/wp\/v2\/tags?post=29118"}],"curies":[{"name":"wp","href":"https:\/\/api.w.org\/{rel}","templated":true}]}}