{"id":29068,"date":"2026-07-10T23:43:27","date_gmt":"2026-07-11T02:43:27","guid":{"rendered":"https:\/\/blogs.correiobraziliense.com.br\/cbpoder\/?p=29068"},"modified":"2026-07-10T23:43:27","modified_gmt":"2026-07-11T02:43:27","slug":"ibaneis-afirma-a-aliados-que-nao-sera-candidato-mas-estara-nos-bastidores-das-eleicoes","status":"publish","type":"post","link":"https:\/\/blogs.correiobraziliense.com.br\/cbpoder\/ibaneis-afirma-a-aliados-que-nao-sera-candidato-mas-estara-nos-bastidores-das-eleicoes\/","title":{"rendered":"Ibaneis afirma a aliados que n\u00e3o ser\u00e1 candidato, mas estar\u00e1 nos bastidores das elei\u00e7\u00f5es"},"content":{"rendered":"<h4><strong>ANA MARIA CAMPOS\/EIXO CAPITAL<\/strong><\/h4>\n<p>Parlamentares da bancada do MDB-DF na C\u00e2mara Legislativa e na C\u00e2mara dos Deputados decidiram ir pessoalmente hoje (10\/07) conversar com Ibaneis Rocha (MDB), na fazenda interior do Piau\u00ed, dar pessoalmente os parab\u00e9ns pelo anivers\u00e1rio de 55 anos dele e avaliar se a decis\u00e3o de desistir da candidatura n\u00e3o foi um rompante.<\/p>\n<p>&nbsp;<\/p>\n<p>Os deputados Rafael Prudente, Hermeto e Iolando ouviram de Ibaneis que n\u00e3o tem volta. Mas que Ibanais vai ajud\u00e1-los.<\/p>\n<p>&nbsp;<\/p>\n<p>Na \u00faltima quarta-feira (03\/07), Ibaneis analisou os resultados de pesquisa e avaliou que o cen\u00e1rio era conturbado, com dificuldades pelas pr\u00e9~candidaturas de Michelle Bolsonaro (PL), Bia Kicis (PL) e as crises decorrentes das opera\u00e7\u00f5es entre BRB e Master.<\/p>\n<p>&nbsp;<\/p>\n<p>Entre integrantes do MDB, h\u00e1 uma aposta de que Ibaneis vai buscar lan\u00e7ar Rafael Prudente candidato ao governo do DF.<\/p>\n","protected":false},"excerpt":{"rendered":"<p>ANA MARIA CAMPOS\/EIXO CAPITAL Parlamentares da bancada do MDB-DF na C\u00e2mara Legislativa e na C\u00e2mara dos Deputados decidiram ir pessoalmente hoje (10\/07) conversar com Ibaneis Rocha (MDB), na fazenda interior do Piau\u00ed, dar pessoalmente os parab\u00e9ns pelo anivers\u00e1rio de 55 anos dele e avaliar se a decis\u00e3o de desistir da candidatura n\u00e3o foi um rompante. &nbsp; Os deputados Rafael Prudente, [&hellip;]<\/p>\n","protected":false},"author":9,"featured_media":17217,"comment_status":"open","ping_status":"closed","sticky":false,"template":"","format":"standard","meta":{"footnotes":""},"categories":[234,2089,1455,7,6],"tags":[3105,3153,55,4197,966,62],"class_list":["post-29068","post","type-post","status-publish","format-standard","has-post-thumbnail","hentry","category-cb-poder","category-eixo-capital","category-eleicoes","category-gdf","category-noticias","tag-aniversario","tag-apoio","tag-deputados","tag-desistencia","tag-ibaneis","tag-senado"],"_links":{"self":[{"href":"https:\/\/blogs.correiobraziliense.com.br\/cbpoder\/wp-json\/wp\/v2\/posts\/29068","targetHints":{"allow":["GET"]}}],"collection":[{"href":"https:\/\/blogs.correiobraziliense.com.br\/cbpoder\/wp-json\/wp\/v2\/posts"}],"about":[{"href":"https:\/\/blogs.correiobraziliense.com.br\/cbpoder\/wp-json\/wp\/v2\/types\/post"}],"author":[{"embeddable":true,"href":"https:\/\/blogs.correiobraziliense.com.br\/cbpoder\/wp-json\/wp\/v2\/users\/9"}],"replies":[{"embeddable":true,"href":"https:\/\/blogs.correiobraziliense.com.br\/cbpoder\/wp-json\/wp\/v2\/comments?post=29068"}],"version-history":[{"count":1,"href":"https:\/\/blogs.correiobraziliense.com.br\/cbpoder\/wp-json\/wp\/v2\/posts\/29068\/revisions"}],"predecessor-version":[{"id":29069,"href":"https:\/\/blogs.correiobraziliense.com.br\/cbpoder\/wp-json\/wp\/v2\/posts\/29068\/revisions\/29069"}],"wp:featuredmedia":[{"embeddable":true,"href":"https:\/\/blogs.correiobraziliense.com.br\/cbpoder\/wp-json\/wp\/v2\/media\/17217"}],"wp:attachment":[{"href":"https:\/\/blogs.correiobraziliense.com.br\/cbpoder\/wp-json\/wp\/v2\/media?parent=29068"}],"wp:term":[{"taxonomy":"category","embeddable":true,"href":"https:\/\/blogs.correiobraziliense.com.br\/cbpoder\/wp-json\/wp\/v2\/categories?post=29068"},{"taxonomy":"post_tag","embeddable":true,"href":"https:\/\/blogs.correiobraziliense.com.br\/cbpoder\/wp-json\/wp\/v2\/tags?post=29068"}],"curies":[{"name":"wp","href":"https:\/\/api.w.org\/{rel}","templated":true}]}}