{"id":29041,"date":"2026-07-04T00:12:06","date_gmt":"2026-07-04T03:12:06","guid":{"rendered":"https:\/\/blogs.correiobraziliense.com.br\/cbpoder\/?p=29041"},"modified":"2026-07-04T00:12:06","modified_gmt":"2026-07-04T03:12:06","slug":"justica-vai-analisar-teto-para-cobranca-de-dividas","status":"publish","type":"post","link":"https:\/\/blogs.correiobraziliense.com.br\/cbpoder\/justica-vai-analisar-teto-para-cobranca-de-dividas\/","title":{"rendered":"Justi\u00e7a vai analisar teto para cobran\u00e7a de d\u00edvidas"},"content":{"rendered":"<h4>ANA MARIA CAMPOS\/EIXO CAPITAL<\/h4>\n<p class=\"p1\"><span class=\"s1\">Com base em representa\u00e7\u00e3o do Instituto de Defesa do Consumidor do Distrito Federal (Procon-DF), a Procuradoria-geral do Distrito Federal ingressou na Justi\u00e7a com uma a\u00e7\u00e3o civil p\u00fablica para barrar a cobran\u00e7a de juros extorsivos por parte do Nubank que est\u00e3o causando preju\u00edzos extraordin\u00e1rios aos consumidores do Distrito Federal. M<\/span><\/p>\n<p>&nbsp;<\/p>\n<p class=\"p1\"><span class=\"s1\">A a\u00e7\u00e3o, que tramita na 7\u00aa Vara de Fazenda P\u00fablica do DF, com pedido de tutela provis\u00f3ria de urg\u00eancia, reivindica a suspens\u00e3o das cobran\u00e7as e protestos, a devolu\u00e7\u00e3o dos valores pagos indevidamente e rec\u00e1lculo das pend\u00eancias.<br \/>\n<\/span><\/p>\n<p>&nbsp;<\/p>\n<p class=\"p1\"><span class=\"s1\">Pede tamb\u00e9m a condena\u00e7\u00e3o do Nubank por danos morais coletivos com indeniza\u00e7\u00e3o no valor de R$ 10 milh\u00f5es. <\/span><\/p>\n<p>&nbsp;<\/p>\n<p class=\"p1\"><span class=\"s1\">Consumidores demonstravam que d\u00e9bitos de cart\u00f5es de cr\u00e9dito emitidos pelo Nubank chegavam, em curto espa\u00e7o de tempo, a patamares impag\u00e1veis, pela incid\u00eancia de encargos financeiros que superavam o valor original das faturas em atraso.<\/span><\/p>\n<p>&nbsp;<\/p>\n<p class=\"p1\"><strong><span class=\"s1\">Ciranda de superendividamento<\/span><\/strong><\/p>\n<p class=\"p1\"><span class=\"s1\">O Procon-DF recebeu reclama\u00e7\u00f5es de consumidores que tiveram d\u00edvidas multiplicadas por conta de juros de 20% ao m\u00eas que chegam a mais de 200% ao ano.<span class=\"Apple-converted-space\"><br \/>\n<\/span><\/span><\/p>\n<p class=\"p1\"><span class=\"s1\"><span class=\"Apple-converted-space\"><br \/>\n<\/span>Na apura\u00e7\u00e3o, o \u00f3rg\u00e3o de defesa do consumidor constatou a ocorr\u00eancia de uma pol\u00edtica de juros altamente agressiva, com taxas de juros remunerat\u00f3rios aplicadas ao cr\u00e9dito rotativo entre 2,75% e 19,99% ao m\u00eas, enquanto os juros destinados ao parcelamento de fatura situam-se entre 0,99% e 19,75% ao m\u00eas.<br \/>\n<\/span><\/p>\n<p>&nbsp;<\/p>\n<p class=\"p1\"><span class=\"s1\">\u201cTal ac\u00famulo gera uma espiral de onerosidade excessiva que inviabiliza o adimplemento por parte dos consumidores, que s\u00e3o dragados para uma ciranda de superendividamento da qual n\u00e3o conseguem se livrar, por maiores que sejam os seus esfor\u00e7os de economia dom\u00e9stica e de austeridade\u201d, afirmam os autores da a\u00e7\u00e3o, a procuradora-geral do DF, Diana Ramos (foto), o procurador-geral adjunto do Contencioso, Fernando Jos\u00e9 Longo Filho, e o subprocurador-geral do DF Alexandre Vitorino Silva.<\/span><\/p>\n<p>&nbsp;<\/p>\n<p class=\"p1\"><strong><span class=\"s1\">De mil a milh\u00e3o<\/span><\/strong><\/p>\n<p class=\"p1\"><span class=\"s1\">Na a\u00e7\u00e3o, foram inclu\u00eddos casos de faturas multiplicadas. Um consumidor, por exemplo, teve uma d\u00edvida de R$3.338,78, de dezembro de 2020, transformada em mais de R$ 3,1 milh\u00f5es. Outra pessoa devia R$ 1.032,51 em janeiro de 2021 e hoje teve o d\u00e9bito calculado em R$ 857 mil. <\/span><\/p>\n<p class=\"p1\"><span class=\"s1\"><br \/>\n<strong><br \/>\nTeto de cobran\u00e7a<\/strong><\/span><\/p>\n<p class=\"p1\"><span class=\"s1\">O resultado da a\u00e7\u00e3o civil p\u00fablica pode ter efeito em todo o sistema financeiro nacional.<br \/>\n<\/span><\/p>\n<p>&nbsp;<\/p>\n<p class=\"p1\"><span class=\"s1\">O argumento apresentado pela Procuradoria-geral do Distrito Federal \u00e9 de que a lei federal 14.690\/2023, que criou o programa Desenrola Brasil, promoveu uma profunda modifica\u00e7\u00e3o na disciplina jur\u00eddica dos contratos de cart\u00e3o de cr\u00e9dito e demais instrumentos de pagamento p\u00f3s-pagos no Brasil.<br \/>\n<\/span><\/p>\n<p>&nbsp;<\/p>\n<p class=\"p1\"><span class=\"s1\">Segundo a a\u00e7\u00e3o, o artigo 28 e seus par\u00e1grafos primeiro e segundo da lei estabelecem que, no cr\u00e9dito rotativo e no parcelamento de saldo devedor das faturas de cart\u00f5es de cr\u00e9dito e de outros instrumentos de pagamento p\u00f3s-pagos, o total cobrado em cada caso a t\u00edtulo de juros e encargos financeiros est\u00e1 submetido a um teto.<\/span><\/p>\n<p>&nbsp;<\/p>\n<p class=\"p1\"><span class=\"s2\"> \u201c<\/span><span class=\"s1\">Os juros remunerat\u00f3rios, os juros de mora de 1% ao m\u00eas, a multa de atraso de 2%, bem como as tarifas operacionais e os tributos incidentes integram o somat\u00f3rio submetido ao teto de 100% da d\u00edvida original\u201d, sustentam os autores da a\u00e7\u00e3o.<\/span><\/p>\n","protected":false},"excerpt":{"rendered":"<p>ANA MARIA CAMPOS\/EIXO CAPITAL Com base em representa\u00e7\u00e3o do Instituto de Defesa do Consumidor do Distrito Federal (Procon-DF), a Procuradoria-geral do Distrito Federal ingressou na Justi\u00e7a com uma a\u00e7\u00e3o civil p\u00fablica para barrar a cobran\u00e7a de juros extorsivos por parte do Nubank que est\u00e3o causando preju\u00edzos extraordin\u00e1rios aos consumidores do Distrito Federal. M &nbsp; A a\u00e7\u00e3o, que tramita na 7\u00aa [&hellip;]<\/p>\n","protected":false},"author":9,"featured_media":29042,"comment_status":"open","ping_status":"closed","sticky":false,"template":"","format":"standard","meta":{"footnotes":""},"categories":[234,2089,7,6],"tags":[150,4457,1518,3269,56,4459,841,4458,836],"class_list":["post-29041","post","type-post","status-publish","format-standard","has-post-thumbnail","hentry","category-cb-poder","category-eixo-capital","category-gdf","category-noticias","tag-acao","tag-cobranca","tag-dividas","tag-juros","tag-justica","tag-nubank","tag-procon-df","tag-procuradioria-geral-do-df","tag-teto"],"_links":{"self":[{"href":"https:\/\/blogs.correiobraziliense.com.br\/cbpoder\/wp-json\/wp\/v2\/posts\/29041","targetHints":{"allow":["GET"]}}],"collection":[{"href":"https:\/\/blogs.correiobraziliense.com.br\/cbpoder\/wp-json\/wp\/v2\/posts"}],"about":[{"href":"https:\/\/blogs.correiobraziliense.com.br\/cbpoder\/wp-json\/wp\/v2\/types\/post"}],"author":[{"embeddable":true,"href":"https:\/\/blogs.correiobraziliense.com.br\/cbpoder\/wp-json\/wp\/v2\/users\/9"}],"replies":[{"embeddable":true,"href":"https:\/\/blogs.correiobraziliense.com.br\/cbpoder\/wp-json\/wp\/v2\/comments?post=29041"}],"version-history":[{"count":1,"href":"https:\/\/blogs.correiobraziliense.com.br\/cbpoder\/wp-json\/wp\/v2\/posts\/29041\/revisions"}],"predecessor-version":[{"id":29043,"href":"https:\/\/blogs.correiobraziliense.com.br\/cbpoder\/wp-json\/wp\/v2\/posts\/29041\/revisions\/29043"}],"wp:featuredmedia":[{"embeddable":true,"href":"https:\/\/blogs.correiobraziliense.com.br\/cbpoder\/wp-json\/wp\/v2\/media\/29042"}],"wp:attachment":[{"href":"https:\/\/blogs.correiobraziliense.com.br\/cbpoder\/wp-json\/wp\/v2\/media?parent=29041"}],"wp:term":[{"taxonomy":"category","embeddable":true,"href":"https:\/\/blogs.correiobraziliense.com.br\/cbpoder\/wp-json\/wp\/v2\/categories?post=29041"},{"taxonomy":"post_tag","embeddable":true,"href":"https:\/\/blogs.correiobraziliense.com.br\/cbpoder\/wp-json\/wp\/v2\/tags?post=29041"}],"curies":[{"name":"wp","href":"https:\/\/api.w.org\/{rel}","templated":true}]}}