{"id":29039,"date":"2026-07-03T17:52:12","date_gmt":"2026-07-03T20:52:12","guid":{"rendered":"https:\/\/blogs.correiobraziliense.com.br\/cbpoder\/?p=29039"},"modified":"2026-07-03T17:52:12","modified_gmt":"2026-07-03T20:52:12","slug":"justica-mantem-indisponibilidade-dos-bens-de-arruda","status":"publish","type":"post","link":"https:\/\/blogs.correiobraziliense.com.br\/cbpoder\/justica-mantem-indisponibilidade-dos-bens-de-arruda\/","title":{"rendered":"Justi\u00e7a mant\u00e9m indisponibilidade dos bens de Arruda"},"content":{"rendered":"<h4>ANA MARIA CAMPOS<\/h4>\n<p class=\"text-justify\">A 6\u00aa Turma C\u00edvel do Tribunal de Justi\u00e7a do Distrito Federal e dos Territ\u00f3rios (TJDFT) manteve indisponibilidade de bens do ex-governador Jos\u00e9 Roberto Arruda, do ex-chefe da Casa Civil Jos\u00e9 Geraldo Maciel, do empres\u00e1rio Jos\u00e9 Celso Valadares Gontijo e de Durval Barbosa Rodrigues<strong>, <\/strong>delator da Opera\u00e7\u00e3o Caixa de Pandora.<\/p>\n<p>&nbsp;<\/p>\n<p class=\"text-justify\">Eles foram condenados em a\u00e7\u00e3o de improbidade administrativa relacionada contrato com do GDF com a empresa Call Tecnologia e Servi\u00e7os Ltda, de propriedade de Jos\u00e9 Celso Gontijo. Por unanimidade, os desembargadores entenderam que a medida \u00e9 necess\u00e1ria para garantir o cumprimento de obriga\u00e7\u00f5es patrimoniais decorrentes da condena\u00e7\u00e3o, entre elas o ressarcimento ao er\u00e1rio<strong>.\u00a0 <\/strong>A Call Tecnologia e Servi\u00e7os tamb\u00e9m teve os bens bloqueados.<\/p>\n<p>&nbsp;<\/p>\n<p class=\"text-justify\">O caso envolve\u00a0a\u00e7\u00e3o cautelar proposta pelo Minist\u00e9rio P\u00fablico do Distrito Federal e Territ\u00f3rios (MPDFT) para assegurar o resultado de condena\u00e7\u00e3o em a\u00e7\u00e3o de improbidade administrativa<strong>.<\/strong>\u00a0Na origem, a Justi\u00e7a determinou a indisponibilidade dos bens dos investigados. Posteriormente, ao julgar a a\u00e7\u00e3o principal, manteve a restri\u00e7\u00e3o patrimonial em rela\u00e7\u00e3o aos r\u00e9us condenados e revogou a medida para os absolvidos.<\/p>\n<p>&nbsp;<\/p>\n<p class=\"text-justify\">Ao analisar os recursos, os desembargadores entenderam que\u00a0permanecem v\u00e1lidas as condena\u00e7\u00f5es de natureza patrimonial, circunst\u00e2ncia que justifica a preserva\u00e7\u00e3o das medidas\u00a0destinadas a garantir o resultado \u00fatil do processo.<\/p>\n<p>&nbsp;<\/p>\n<p>A\u00a0defesa dos r\u00e9us contestou as provas apresentadas pelo MPDFT,\u00a0principalmente os v\u00eddeos gravados por Durval Barbosa. Os advogados alegaram que as grava\u00e7\u00f5es foram obtidas de forma ilegal, o que j\u00e1 foi referendado pela Justi\u00e7a, e teriam sido manipuladas, o que comprometeria sua validade como prova.<\/p>\n","protected":false},"excerpt":{"rendered":"<p>ANA MARIA CAMPOS A 6\u00aa Turma C\u00edvel do Tribunal de Justi\u00e7a do Distrito Federal e dos Territ\u00f3rios (TJDFT) manteve indisponibilidade de bens do ex-governador Jos\u00e9 Roberto Arruda, do ex-chefe da Casa Civil Jos\u00e9 Geraldo Maciel, do empres\u00e1rio Jos\u00e9 Celso Valadares Gontijo e de Durval Barbosa Rodrigues, delator da Opera\u00e7\u00e3o Caixa de Pandora. &nbsp; Eles foram condenados em a\u00e7\u00e3o de improbidade [&hellip;]<\/p>\n","protected":false},"author":9,"featured_media":10486,"comment_status":"open","ping_status":"closed","sticky":false,"template":"","format":"standard","meta":{"footnotes":""},"categories":[234,2089,7],"tags":[4456,4455,1259,1813,413],"class_list":["post-29039","post","type-post","status-publish","format-standard","has-post-thumbnail","hentry","category-cb-poder","category-eixo-capital","category-gdf","tag-call-tecnologia","tag-indisponibilidade-dos-bens","tag-jose-roberto-arruda","tag-operacao-caixa-de-pandora","tag-tjdft"],"_links":{"self":[{"href":"https:\/\/blogs.correiobraziliense.com.br\/cbpoder\/wp-json\/wp\/v2\/posts\/29039","targetHints":{"allow":["GET"]}}],"collection":[{"href":"https:\/\/blogs.correiobraziliense.com.br\/cbpoder\/wp-json\/wp\/v2\/posts"}],"about":[{"href":"https:\/\/blogs.correiobraziliense.com.br\/cbpoder\/wp-json\/wp\/v2\/types\/post"}],"author":[{"embeddable":true,"href":"https:\/\/blogs.correiobraziliense.com.br\/cbpoder\/wp-json\/wp\/v2\/users\/9"}],"replies":[{"embeddable":true,"href":"https:\/\/blogs.correiobraziliense.com.br\/cbpoder\/wp-json\/wp\/v2\/comments?post=29039"}],"version-history":[{"count":1,"href":"https:\/\/blogs.correiobraziliense.com.br\/cbpoder\/wp-json\/wp\/v2\/posts\/29039\/revisions"}],"predecessor-version":[{"id":29040,"href":"https:\/\/blogs.correiobraziliense.com.br\/cbpoder\/wp-json\/wp\/v2\/posts\/29039\/revisions\/29040"}],"wp:featuredmedia":[{"embeddable":true,"href":"https:\/\/blogs.correiobraziliense.com.br\/cbpoder\/wp-json\/wp\/v2\/media\/10486"}],"wp:attachment":[{"href":"https:\/\/blogs.correiobraziliense.com.br\/cbpoder\/wp-json\/wp\/v2\/media?parent=29039"}],"wp:term":[{"taxonomy":"category","embeddable":true,"href":"https:\/\/blogs.correiobraziliense.com.br\/cbpoder\/wp-json\/wp\/v2\/categories?post=29039"},{"taxonomy":"post_tag","embeddable":true,"href":"https:\/\/blogs.correiobraziliense.com.br\/cbpoder\/wp-json\/wp\/v2\/tags?post=29039"}],"curies":[{"name":"wp","href":"https:\/\/api.w.org\/{rel}","templated":true}]}}