{"id":29036,"date":"2026-07-01T07:39:15","date_gmt":"2026-07-01T10:39:15","guid":{"rendered":"https:\/\/blogs.correiobraziliense.com.br\/cbpoder\/?p=29036"},"modified":"2026-07-01T07:39:15","modified_gmt":"2026-07-01T10:39:15","slug":"para-quem-iriam-os-votos-de-michelle-bolsonaro-no-df","status":"publish","type":"post","link":"https:\/\/blogs.correiobraziliense.com.br\/cbpoder\/para-quem-iriam-os-votos-de-michelle-bolsonaro-no-df\/","title":{"rendered":"Para quem iriam os votos de Michelle Bolsonaro no DF?"},"content":{"rendered":"<h4>ANA MARIA CAMPOS\/EIXO CAPITAL<\/h4>\n<p class=\"p1\"><span class=\"s1\">A cogitada desist\u00eancia de Michelle Bolsonaro (PL) movimenta a disputa ao Senado no Distrito Federal. Primeira colocada na pesquisa Correio-OPINI\u00c3O\u00a0<\/span>Intelig\u00eancia Pol\u00edtica, divulgada em 17 de junho, ela vem liderando a corrida e tem, segundo an\u00e1lise de especialistas, vaga praticamente garantida, a n\u00e3o ser que\u00a0<span class=\"s1\">ocorra um atropelo na trajet\u00f3ria.<br \/>\n<\/span><\/p>\n<p>&nbsp;<\/p>\n<p class=\"p1\"><span class=\"s1\">No cen\u00e1rio consolidado dos dois votos, Michelle somou 38,8% das inten\u00e7\u00f5es.\u00a0<\/span><span class=\"s1\">Sem Michelle, haveria uma sobra de eleitores da direita que poderiam migrar para a deputada federal Bia Kicis\u00a0<\/span>(PL-DF), para o ex-governador Ibaneis Rocha (MDB) e para o desembargador aposentado Sebasti\u00e3o Coelho\u00a0<span class=\"s1\">(Novo).<br \/>\n<\/span><\/p>\n<p>&nbsp;<\/p>\n<p class=\"p1\"><span class=\"s1\">Pelo menos, essa \u00e9 a l\u00f3gica. \u00a0<\/span><span class=\"s1\">Mas o eleitorado de Michelle, al\u00e9m de bolsonarista, conservador e evang\u00e9lico, pode preferir eleger uma mulher.<\/span><\/p>\n<p class=\"p1\"><span class=\"s1\"><br \/>\nMichelle deu o primeiro passo ontem para deixar a pol\u00edtica, ao renunciar \u00e0 presid\u00eancia do PL Mulher.<\/p>\n<p><\/span><\/p>\n<p class=\"p1\"><strong><span class=\"s1\">Press\u00e3o<\/span><\/strong><\/p>\n<p class=\"p1\"><span class=\"s1\">Entre aliados de Michelle Bolsonaro, a avalia\u00e7\u00e3o \u00e9 de que a desist\u00eancia \u00e9\u00a0<\/span><span class=\"s1\">moment\u00e2nea e uma forma de press\u00e3o\u00a0<\/span>para que apoiadores de Fl\u00e1vio Bolsonaro\u00a0<span class=\"s1\">(PL-RJ) deixem de critic\u00e1-la nas redes\u00a0<\/span>por conta do v\u00eddeo divulgado na semana\u00a0<span class=\"s1\">passada. <\/span><\/p>\n<p>&nbsp;<\/p>\n<p class=\"p1\"><span class=\"s1\">Michelle foi o principal alvo de\u00a0<\/span><span class=\"s1\">bolsonaristas que, em geral, sa\u00edram em\u00a0<\/span>defesa do pr\u00e9-candidato \u00e0 Presid\u00eancia da Rep\u00fablica. Mas a ex-primeira-dama n\u00e3o parece disposta a encerrar o embate com o enteado.<\/p>\n<p class=\"p1\"><span class=\"s1\"><br \/>\nH\u00e1 uma aposta de que ela tem informa\u00e7\u00f5es\u00a0<\/span>que podem prejudicar e at\u00e9 derrubar\u00a0<span class=\"s1\">a candidatura de Fl\u00e1vio Bolsonaro.<\/span><\/p>\n<p>&nbsp;<\/p>\n<p class=\"p1\"><strong><span class=\"s1\">Impacto zero<\/span><\/strong><\/p>\n<p class=\"p1\"><span class=\"s1\">A 5\u00aa pesquisa BTG\/Nexus de inten\u00e7\u00e3o\u00a0<\/span>de voto para presidente da Rep\u00fablica, desta semana, indicou que o v\u00eddeo divulgado por Michelle Bolsonaro com cr\u00edticas a Fl\u00e1vio Bolsonaro ainda n\u00e3o teve impacto na campanha do filho 01.<\/p>\n<p class=\"p1\"><span class=\"s1\"><br \/>\nNas simula\u00e7\u00f5es espont\u00e2nea e de primeiro turno, as oscila\u00e7\u00f5es foram muito pequenas. No principal cen\u00e1rio estimulado testado, Lula mant\u00e9m a lideran\u00e7a: 42% a 34% \u2014 vantagem de oito pontos percentuais para o petista, ante nove pontos da rodada anterior. <\/span><\/p>\n<p class=\"p1\"><span class=\"s1\"><br \/>\nNa simula\u00e7\u00e3o de segundo turno entre Lula e Fl\u00e1vio Bolsonaro, o petista aparece com\u00a0<\/span><span class=\"s1\">47% (menos dois pontos em rela\u00e7\u00e3o \u00e0 pesquisa anterior) e Fl\u00e1vio, com 44% (um\u00a0<\/span>ponto a mais). Os dois voltam a aparecer em empate t\u00e9cnico, dentro dos limites.<\/p>\n","protected":false},"excerpt":{"rendered":"<p>ANA MARIA CAMPOS\/EIXO CAPITAL A cogitada desist\u00eancia de Michelle Bolsonaro (PL) movimenta a disputa ao Senado no Distrito Federal. Primeira colocada na pesquisa Correio-OPINI\u00c3O\u00a0Intelig\u00eancia Pol\u00edtica, divulgada em 17 de junho, ela vem liderando a corrida e tem, segundo an\u00e1lise de especialistas, vaga praticamente garantida, a n\u00e3o ser que\u00a0ocorra um atropelo na trajet\u00f3ria. &nbsp; No cen\u00e1rio consolidado dos dois votos, Michelle [&hellip;]<\/p>\n","protected":false},"author":9,"featured_media":24895,"comment_status":"open","ping_status":"closed","sticky":false,"template":"","format":"standard","meta":{"footnotes":""},"categories":[234],"tags":[3786,2461,1440,3098,4217],"class_list":["post-29036","post","type-post","status-publish","format-standard","has-post-thumbnail","hentry","category-cb-poder","tag-eleicoes-2026","tag-michelle-bolsonaro","tag-pesquisa","tag-pl","tag-votos"],"_links":{"self":[{"href":"https:\/\/blogs.correiobraziliense.com.br\/cbpoder\/wp-json\/wp\/v2\/posts\/29036","targetHints":{"allow":["GET"]}}],"collection":[{"href":"https:\/\/blogs.correiobraziliense.com.br\/cbpoder\/wp-json\/wp\/v2\/posts"}],"about":[{"href":"https:\/\/blogs.correiobraziliense.com.br\/cbpoder\/wp-json\/wp\/v2\/types\/post"}],"author":[{"embeddable":true,"href":"https:\/\/blogs.correiobraziliense.com.br\/cbpoder\/wp-json\/wp\/v2\/users\/9"}],"replies":[{"embeddable":true,"href":"https:\/\/blogs.correiobraziliense.com.br\/cbpoder\/wp-json\/wp\/v2\/comments?post=29036"}],"version-history":[{"count":1,"href":"https:\/\/blogs.correiobraziliense.com.br\/cbpoder\/wp-json\/wp\/v2\/posts\/29036\/revisions"}],"predecessor-version":[{"id":29037,"href":"https:\/\/blogs.correiobraziliense.com.br\/cbpoder\/wp-json\/wp\/v2\/posts\/29036\/revisions\/29037"}],"wp:featuredmedia":[{"embeddable":true,"href":"https:\/\/blogs.correiobraziliense.com.br\/cbpoder\/wp-json\/wp\/v2\/media\/24895"}],"wp:attachment":[{"href":"https:\/\/blogs.correiobraziliense.com.br\/cbpoder\/wp-json\/wp\/v2\/media?parent=29036"}],"wp:term":[{"taxonomy":"category","embeddable":true,"href":"https:\/\/blogs.correiobraziliense.com.br\/cbpoder\/wp-json\/wp\/v2\/categories?post=29036"},{"taxonomy":"post_tag","embeddable":true,"href":"https:\/\/blogs.correiobraziliense.com.br\/cbpoder\/wp-json\/wp\/v2\/tags?post=29036"}],"curies":[{"name":"wp","href":"https:\/\/api.w.org\/{rel}","templated":true}]}}