{"id":29028,"date":"2026-06-29T09:55:11","date_gmt":"2026-06-29T12:55:11","guid":{"rendered":"https:\/\/blogs.correiobraziliense.com.br\/cbpoder\/?p=29028"},"modified":"2026-06-29T10:03:52","modified_gmt":"2026-06-29T13:03:52","slug":"juntos-na-chapa-presidencial-e-nos-26-estados-pt-e-psb-seguem-separados-no-df","status":"publish","type":"post","link":"https:\/\/blogs.correiobraziliense.com.br\/cbpoder\/juntos-na-chapa-presidencial-e-nos-26-estados-pt-e-psb-seguem-separados-no-df\/","title":{"rendered":"Juntos na chapa presidencial e nos 26 estados, PT e PSB seguem separados no DF"},"content":{"rendered":"<h4>ANA MARIA CAMPOS<\/h4>\n<p class=\"p1\"><span class=\"s1\">Est\u00e3o encerradas as negocia\u00e7\u00f5es nacionais em torno das alian\u00e7as entre PT e PSB que estar\u00e3o juntos na chapa presidencial, repetindo a dobradinha do presidente Lula com o vice-presidente Geraldo Alckmin. Os dois partidos estar\u00e3o juntos em todos os estados. A \u00fanica exce\u00e7\u00e3o \u00e9 o Distrito Federal.<\/span><\/p>\n<p>&nbsp;<\/p>\n<p class=\"p1\"><span class=\"s1\">Na capital do pa\u00eds, o PT lan\u00e7ar\u00e1 Leandro Grass, que \u00e9 ex-presidente do Iphan, e o PSB ter\u00e1 Ricardo Cappelli, ex-presidente da ABDI, na disputa ao Pal\u00e1cio do Buriti. N\u00e3o h\u00e1 mais chance de acordo.<\/span><\/p>\n<p>&nbsp;<\/p>\n<p class=\"p1\"><span class=\"s1\">Cappelli conta com o apoio da dire\u00e7\u00e3o nacional do PSB, partido presidido por Jo\u00e3o Campos, pr\u00e9-candidato ao governo de Pernambuco. Da mesma forma, o PT sustenta a pr\u00e9-candidatura de Leandro Grass.<\/span><\/p>\n<p>&nbsp;<\/p>\n<p class=\"p1\"><span class=\"s1\">Os dois candidatos ao GDF v\u00e3o pedir votos para a reelei\u00e7\u00e3o de Lula e Alckmin. E a campanha nacional n\u00e3o dever\u00e1 tomar partido, por ora. Num eventual segundo turno, os partidos progressistas estar\u00e3o juntos.<\/span><\/p>\n<p>&nbsp;<\/p>\n<p class=\"p1\"><span class=\"s1\">O risco de que uma poss\u00edvel campanha agressiva no primeiro turno possa deixar sequelas para a segunda fase, se houver. \u00c9 que Grass e Cappelli v\u00e3o disputar vaga no segundo turno.<\/span><\/p>\n<p>&nbsp;<\/p>\n<p class=\"p1\"><span class=\"s1\">O cen\u00e1rio atual, segundo a pesquisa <strong>Correio<\/strong>-OPINI\u00c3O Intelig\u00eancia Pol\u00edtica, divulgada em 17 de junho, \u00e9 de lideran\u00e7a da direita, com Celina Le\u00e3o (PP) em primeiro lugar, e Jos\u00e9 Roberto Arruda (PSD), em segundo. Mas a candidatura de Arruda ainda desperta controv\u00e9rsias jur\u00eddicas<\/span><\/p>\n","protected":false},"excerpt":{"rendered":"<p>ANA MARIA CAMPOS Est\u00e3o encerradas as negocia\u00e7\u00f5es nacionais em torno das alian\u00e7as entre PT e PSB que estar\u00e3o juntos na chapa presidencial, repetindo a dobradinha do presidente Lula com o vice-presidente Geraldo Alckmin. Os dois partidos estar\u00e3o juntos em todos os estados. A \u00fanica exce\u00e7\u00e3o \u00e9 o Distrito Federal. &nbsp; Na capital do pa\u00eds, o PT lan\u00e7ar\u00e1 Leandro Grass, que [&hellip;]<\/p>\n","protected":false},"author":9,"featured_media":29029,"comment_status":"open","ping_status":"closed","sticky":false,"template":"","format":"standard","meta":{"footnotes":""},"categories":[234],"tags":[179,3786,1557,52,290,3255],"class_list":["post-29028","post","type-post","status-publish","format-standard","has-post-thumbnail","hentry","category-cb-poder","tag-df","tag-eleicoes-2026","tag-leandro-grass","tag-psb","tag-pt","tag-ricardo-cappelli"],"_links":{"self":[{"href":"https:\/\/blogs.correiobraziliense.com.br\/cbpoder\/wp-json\/wp\/v2\/posts\/29028","targetHints":{"allow":["GET"]}}],"collection":[{"href":"https:\/\/blogs.correiobraziliense.com.br\/cbpoder\/wp-json\/wp\/v2\/posts"}],"about":[{"href":"https:\/\/blogs.correiobraziliense.com.br\/cbpoder\/wp-json\/wp\/v2\/types\/post"}],"author":[{"embeddable":true,"href":"https:\/\/blogs.correiobraziliense.com.br\/cbpoder\/wp-json\/wp\/v2\/users\/9"}],"replies":[{"embeddable":true,"href":"https:\/\/blogs.correiobraziliense.com.br\/cbpoder\/wp-json\/wp\/v2\/comments?post=29028"}],"version-history":[{"count":4,"href":"https:\/\/blogs.correiobraziliense.com.br\/cbpoder\/wp-json\/wp\/v2\/posts\/29028\/revisions"}],"predecessor-version":[{"id":29035,"href":"https:\/\/blogs.correiobraziliense.com.br\/cbpoder\/wp-json\/wp\/v2\/posts\/29028\/revisions\/29035"}],"wp:featuredmedia":[{"embeddable":true,"href":"https:\/\/blogs.correiobraziliense.com.br\/cbpoder\/wp-json\/wp\/v2\/media\/29029"}],"wp:attachment":[{"href":"https:\/\/blogs.correiobraziliense.com.br\/cbpoder\/wp-json\/wp\/v2\/media?parent=29028"}],"wp:term":[{"taxonomy":"category","embeddable":true,"href":"https:\/\/blogs.correiobraziliense.com.br\/cbpoder\/wp-json\/wp\/v2\/categories?post=29028"},{"taxonomy":"post_tag","embeddable":true,"href":"https:\/\/blogs.correiobraziliense.com.br\/cbpoder\/wp-json\/wp\/v2\/tags?post=29028"}],"curies":[{"name":"wp","href":"https:\/\/api.w.org\/{rel}","templated":true}]}}