{"id":28991,"date":"2026-06-19T11:34:37","date_gmt":"2026-06-19T14:34:37","guid":{"rendered":"https:\/\/blogs.correiobraziliense.com.br\/cbpoder\/?p=28991"},"modified":"2026-06-19T11:36:07","modified_gmt":"2026-06-19T14:36:07","slug":"kassab-quer-paulo-octavio-na-disputa-ao-senado","status":"publish","type":"post","link":"https:\/\/blogs.correiobraziliense.com.br\/cbpoder\/kassab-quer-paulo-octavio-na-disputa-ao-senado\/","title":{"rendered":"Kassab quer Paulo Oct\u00e1vio na disputa ao Senado"},"content":{"rendered":"<h4>ANA MARIA CAMPOS\/EIXO CAPITAL<\/h4>\n<p class=\"p1\"><span class=\"s1\">O presidente nacional do PSD, Gilberto Kassab, fez um apelo ao empres\u00e1rio Paulo Oct\u00e1vio \u2014 que comanda o partido no DF \u2014 para que concorra a um mandato de senador nas elei\u00e7\u00f5es de outubro.<br \/>\n<\/span><\/p>\n<p>&nbsp;<\/p>\n<p class=\"p1\"><span class=\"s1\">Kassb, Paulo Oct\u00e1vio e o ex-governador Jos\u00e9 Roberto Arruda, pr\u00e9-candidato ao Pal\u00e1cio do Buriti, tiveram uma reuni\u00e3o na tarde de quarta-feira (17), para tratar do assunto.<br \/>\n<\/span><\/p>\n<p>&nbsp;<\/p>\n<p class=\"p1\"><span class=\"s1\">Nas redes sociais, Kassab postou uma mensagem sobre o encontro: \u201cCom Arruda governador e Paulo Oct\u00e1vio senador, Bras\u00edlia conseguir\u00e1 superar os grandes desafios que tem pela frente\u201d. \u00c0 coluna, Paulo Oct\u00e1vio disse que est\u00e1 analisando o convite. Vai conversar com a fam\u00edlia e aliados, antes de tomar uma decis\u00e3o.<\/span><\/p>\n<p class=\"p1\">\n<p class=\"p1\"><strong><span class=\"s1\">Prejudicado<\/span><\/strong><\/p>\n<p class=\"p1\">Uma poss\u00edvel candidatura de Paulo Oct\u00e1vio atrapalha e muito os planos do ex-governador Ibaneis Rocha de chegar ao Senado. O empres\u00e1rio foi deputado, senador e vice-governador. Chegou a assumir o governo. Se entrar para valer na campanha, vai levar muitos votos que seriam de Ibaneis.<\/p>\n","protected":false},"excerpt":{"rendered":"<p>ANA MARIA CAMPOS\/EIXO CAPITAL O presidente nacional do PSD, Gilberto Kassab, fez um apelo ao empres\u00e1rio Paulo Oct\u00e1vio \u2014 que comanda o partido no DF \u2014 para que concorra a um mandato de senador nas elei\u00e7\u00f5es de outubro. &nbsp; Kassb, Paulo Oct\u00e1vio e o ex-governador Jos\u00e9 Roberto Arruda, pr\u00e9-candidato ao Pal\u00e1cio do Buriti, tiveram uma reuni\u00e3o na tarde de quarta-feira [&hellip;]<\/p>\n","protected":false},"author":9,"featured_media":28992,"comment_status":"open","ping_status":"closed","sticky":false,"template":"","format":"standard","meta":{"footnotes":""},"categories":[234],"tags":[42,3786,3982,979,62],"class_list":["post-28991","post","type-post","status-publish","format-standard","has-post-thumbnail","hentry","category-cb-poder","tag-arruda","tag-eleicoes-2026","tag-kassab","tag-paulo-octavio","tag-senado"],"_links":{"self":[{"href":"https:\/\/blogs.correiobraziliense.com.br\/cbpoder\/wp-json\/wp\/v2\/posts\/28991","targetHints":{"allow":["GET"]}}],"collection":[{"href":"https:\/\/blogs.correiobraziliense.com.br\/cbpoder\/wp-json\/wp\/v2\/posts"}],"about":[{"href":"https:\/\/blogs.correiobraziliense.com.br\/cbpoder\/wp-json\/wp\/v2\/types\/post"}],"author":[{"embeddable":true,"href":"https:\/\/blogs.correiobraziliense.com.br\/cbpoder\/wp-json\/wp\/v2\/users\/9"}],"replies":[{"embeddable":true,"href":"https:\/\/blogs.correiobraziliense.com.br\/cbpoder\/wp-json\/wp\/v2\/comments?post=28991"}],"version-history":[{"count":2,"href":"https:\/\/blogs.correiobraziliense.com.br\/cbpoder\/wp-json\/wp\/v2\/posts\/28991\/revisions"}],"predecessor-version":[{"id":28994,"href":"https:\/\/blogs.correiobraziliense.com.br\/cbpoder\/wp-json\/wp\/v2\/posts\/28991\/revisions\/28994"}],"wp:featuredmedia":[{"embeddable":true,"href":"https:\/\/blogs.correiobraziliense.com.br\/cbpoder\/wp-json\/wp\/v2\/media\/28992"}],"wp:attachment":[{"href":"https:\/\/blogs.correiobraziliense.com.br\/cbpoder\/wp-json\/wp\/v2\/media?parent=28991"}],"wp:term":[{"taxonomy":"category","embeddable":true,"href":"https:\/\/blogs.correiobraziliense.com.br\/cbpoder\/wp-json\/wp\/v2\/categories?post=28991"},{"taxonomy":"post_tag","embeddable":true,"href":"https:\/\/blogs.correiobraziliense.com.br\/cbpoder\/wp-json\/wp\/v2\/tags?post=28991"}],"curies":[{"name":"wp","href":"https:\/\/api.w.org\/{rel}","templated":true}]}}