{"id":28985,"date":"2026-06-18T00:00:38","date_gmt":"2026-06-18T03:00:38","guid":{"rendered":"https:\/\/blogs.correiobraziliense.com.br\/cbpoder\/?p=28985"},"modified":"2026-06-18T09:05:03","modified_gmt":"2026-06-18T12:05:03","slug":"no-cargo-de-secretario-de-economia-ney-ferraz-comprou-ternos-de-luxo-com-dinheiro-vivo-e-dispensou-nota-fiscal","status":"publish","type":"post","link":"https:\/\/blogs.correiobraziliense.com.br\/cbpoder\/no-cargo-de-secretario-de-economia-ney-ferraz-comprou-ternos-de-luxo-com-dinheiro-vivo-e-dispensou-nota-fiscal\/","title":{"rendered":"No cargo de secret\u00e1rio de Economia, Ney Ferraz comprou ternos de luxo com dinheiro vivo e dispensou nota fiscal"},"content":{"rendered":"<h4>ANA MARIA CAMPOS\/EIXO CAPITAL<\/h4>\n<p>O secret\u00e1rio de Economia do DF Ney Ferraz J\u00fanior, ent\u00e3o no exerc\u00edcio do cargo, em janeiro de 2025, esteve numa loja de roupas masculinas no Iguatemi Shopping e comprou tr\u00eas ternos Hermenegildo Zegna, por R$ 50 mil, pagando em dinheiro vivo.<\/p>\n<p class=\"p1\"><span class=\"s1\"><br \/>\nN\u00e3o apresentou CPF e n\u00e3o pediu nota fiscal. Como a loja n\u00e3o\u00a0<\/span><span class=\"s1\">emite nota em valor acima de R$ 10 mil sem o CPF do cliente, o\u00a0<\/span>vendedor, para n\u00e3o perder o neg\u00f3cio, usou os dados da pr\u00f3pria esposa. O pagamento foi realizado em cinco bolinhos de R$ 10 mil em notas de R$ 100, que o ent\u00e3o secret\u00e1rio buscou no carro na companhia do vendedor. Detalhe:<\/p>\n<p>&nbsp;<\/p>\n<p class=\"p1\">Ferraz foi ao shopping dirigindo uma Pajero de uso oficial da Secretaria de Economia do DF. Ney Ferraz fez outras compras e foi ajudado pelo vendedor a levar as sacolas para o carro na garagem do shopping Iguatemi.<\/p>\n<p class=\"p1\"><strong><span class=\"s1\"><br \/>\nForo especial<\/span><\/strong><\/p>\n<p class=\"p1\"><span class=\"s1\"><br \/>\nO caso est\u00e1 sob a responsabilidade do Departamento de Combate \u00e0 Corrup\u00e7\u00e3o (Decor) da Pol\u00edcia\u00a0<\/span>Civil e da Promotoria de Defesa do Patrim\u00f4nio P\u00fablico e Social (Prodep) do Minist\u00e9rio P\u00fablico do Distrito Federal e Territ\u00f3rios (MPDFT).<\/p>\n<p>&nbsp;<\/p>\n<p class=\"p1\">Como os fatos apurados ocorreram quando ele era secret\u00e1rio, a investiga\u00e7\u00e3o tramita com autoriza\u00e7\u00e3o do Conselho Especial do Tribunal de Justi\u00e7a do Distrito Federal e dos Territ\u00f3rios (TJDFT), sob a relatoria do desembargador Alvaro Ciarlini.<\/p>\n","protected":false},"excerpt":{"rendered":"<p>ANA MARIA CAMPOS\/EIXO CAPITAL O secret\u00e1rio de Economia do DF Ney Ferraz J\u00fanior, ent\u00e3o no exerc\u00edcio do cargo, em janeiro de 2025, esteve numa loja de roupas masculinas no Iguatemi Shopping e comprou tr\u00eas ternos Hermenegildo Zegna, por R$ 50 mil, pagando em dinheiro vivo. N\u00e3o apresentou CPF e n\u00e3o pediu nota fiscal. Como a loja n\u00e3o\u00a0emite nota em valor [&hellip;]<\/p>\n","protected":false},"author":9,"featured_media":28986,"comment_status":"open","ping_status":"closed","sticky":false,"template":"","format":"standard","meta":{"footnotes":""},"categories":[234],"tags":[4451,129,3928,4364,4452],"class_list":["post-28985","post","type-post","status-publish","format-standard","has-post-thumbnail","hentry","category-cb-poder","tag-cash","tag-investigacao","tag-ney-ferraz","tag-secretario-de-fazenda","tag-ternos"],"_links":{"self":[{"href":"https:\/\/blogs.correiobraziliense.com.br\/cbpoder\/wp-json\/wp\/v2\/posts\/28985","targetHints":{"allow":["GET"]}}],"collection":[{"href":"https:\/\/blogs.correiobraziliense.com.br\/cbpoder\/wp-json\/wp\/v2\/posts"}],"about":[{"href":"https:\/\/blogs.correiobraziliense.com.br\/cbpoder\/wp-json\/wp\/v2\/types\/post"}],"author":[{"embeddable":true,"href":"https:\/\/blogs.correiobraziliense.com.br\/cbpoder\/wp-json\/wp\/v2\/users\/9"}],"replies":[{"embeddable":true,"href":"https:\/\/blogs.correiobraziliense.com.br\/cbpoder\/wp-json\/wp\/v2\/comments?post=28985"}],"version-history":[{"count":4,"href":"https:\/\/blogs.correiobraziliense.com.br\/cbpoder\/wp-json\/wp\/v2\/posts\/28985\/revisions"}],"predecessor-version":[{"id":28990,"href":"https:\/\/blogs.correiobraziliense.com.br\/cbpoder\/wp-json\/wp\/v2\/posts\/28985\/revisions\/28990"}],"wp:featuredmedia":[{"embeddable":true,"href":"https:\/\/blogs.correiobraziliense.com.br\/cbpoder\/wp-json\/wp\/v2\/media\/28986"}],"wp:attachment":[{"href":"https:\/\/blogs.correiobraziliense.com.br\/cbpoder\/wp-json\/wp\/v2\/media?parent=28985"}],"wp:term":[{"taxonomy":"category","embeddable":true,"href":"https:\/\/blogs.correiobraziliense.com.br\/cbpoder\/wp-json\/wp\/v2\/categories?post=28985"},{"taxonomy":"post_tag","embeddable":true,"href":"https:\/\/blogs.correiobraziliense.com.br\/cbpoder\/wp-json\/wp\/v2\/tags?post=28985"}],"curies":[{"name":"wp","href":"https:\/\/api.w.org\/{rel}","templated":true}]}}