{"id":28959,"date":"2026-06-11T20:56:24","date_gmt":"2026-06-11T23:56:24","guid":{"rendered":"https:\/\/blogs.correiobraziliense.com.br\/cbpoder\/?p=28959"},"modified":"2026-06-11T21:14:04","modified_gmt":"2026-06-12T00:14:04","slug":"comissao-vai-definir-se-mdb-apoiara-celina-ou-tera-candidatura-propria-ao-palacio-do-buriti","status":"publish","type":"post","link":"https:\/\/blogs.correiobraziliense.com.br\/cbpoder\/comissao-vai-definir-se-mdb-apoiara-celina-ou-tera-candidatura-propria-ao-palacio-do-buriti\/","title":{"rendered":"Comiss\u00e3o vai definir se MDB apoiar\u00e1 Celina ou ter\u00e1 candidatura pr\u00f3pria ao Pal\u00e1cio do Buriti"},"content":{"rendered":"<h4 style=\"text-align: left\">ANA MARIA CAMPOS<\/h4>\n<p class=\"p1\"><span class=\"s1\">A prop\u00f3sito do pedido feito \u00e0 c\u00fapula do MDB em rela\u00e7\u00e3o \u00e0s decis\u00f5es relacionadas a acordos para as elei\u00e7\u00f5es no DF, a executiva nacional decidiu que as tratativas ficar\u00e3o a cargo de uma comiss\u00e3o liderada pelo deputado Isnaldo Bulh\u00f5es (AL).<br \/>\n<\/span><\/p>\n<p>&nbsp;<\/p>\n<p class=\"p1\"><span class=\"s1\">Cinco integrantes do diret\u00f3rio regional e nacional v\u00e3o participar da comiss\u00e3o. O comando do MDB buscou uma sa\u00edda que n\u00e3o privilegiasse ningu\u00e9m no DF, mas a decis\u00e3o tomada nesta noite (11\/06) \u00e9 uma vit\u00f3ria para Prudente que passa a ter voz na decis\u00e3o sobre manter ou n\u00e3o a alian\u00e7a para a reelei\u00e7\u00e3o da governadora Celina Le\u00e3o (PP).<\/span><\/p>\n<p>&nbsp;<\/p>\n<p>A presid\u00eancia do MDB-DF permanece com o deputado Wellington Luiz, presidente da C\u00e2mara Legislativa, que tamb\u00e9m ter\u00e1 voz para delibera\u00e7\u00e3o sobre os rumos no partido nas elei\u00e7\u00f5es.<\/p>\n<p>A comiss\u00e3o ser\u00e1 formada por Isrnaldo Bulh\u00f5es, Wellington Luiz, os deputados federais Rafael Prudente (MDB-DF), Iza Arruda (MDB-PE) e Newton Cardoso J\u00fanior (MDB-MG).<\/p>\n<p>&nbsp;<\/p>\n<p class=\"p1\"><span class=\"s1\">\u201cA decis\u00e3o de hoje busca assegurar independ\u00eancia e autonomia ao partido. \u00c9 uma sinaliza\u00e7\u00e3o, de que o MDB \u00e9 um partido forte e unido, que n\u00e3o aceita ser subjugado e conduzido \u00e0 revelia\u201d, afirma o deputado federal Rafael Prudente (MDB-DF). \u201c\u00c9 uma atitude de resguardo da nossa autonomia, da nossa independ\u00eancia. E uma demonstra\u00e7\u00e3o de que o partido est\u00e1 unido e forte. No MDB, a decis\u00e3o n\u00e3o ser\u00e1 de um s\u00f3, nem de ningu\u00e9m fora dos nossos quadros\u201d, acrescentou o deputado federal.<\/span><\/p>\n<p class=\"p1\"><strong><span class=\"s1\"><br \/>\nSenado para Ibaneis<\/span><\/strong><\/p>\n<p class=\"p1\"><span class=\"s1\">Quem tamb\u00e9m sai vitorioso \u00e9 o ex-governador Ibaneis Rocha (MDB). Em nota, a executiva nacional ressalta que as tratativas para a alian\u00e7a em torno da reelei\u00e7\u00e3o de Celina permanecem, tendo Ibaneis como candidato ao Senado. <\/span><\/p>\n<p class=\"p1\"><span class=\"s1\"><br \/>\nNesta semana, Celina disse apoiaria as mulheres ao Senado, sinalizando prefer\u00eancia pelas candidaturas de Michelle Bolsonaro (PL) e Bia Kicis (PL).<\/span><\/p>\n<p>&nbsp;<\/p>\n<p>&nbsp;<\/p>\n","protected":false},"excerpt":{"rendered":"<p>ANA MARIA CAMPOS A prop\u00f3sito do pedido feito \u00e0 c\u00fapula do MDB em rela\u00e7\u00e3o \u00e0s decis\u00f5es relacionadas a acordos para as elei\u00e7\u00f5es no DF, a executiva nacional decidiu que as tratativas ficar\u00e3o a cargo de uma comiss\u00e3o liderada pelo deputado Isnaldo Bulh\u00f5es (AL). &nbsp; Cinco integrantes do diret\u00f3rio regional e nacional v\u00e3o participar da comiss\u00e3o. O comando do MDB buscou [&hellip;]<\/p>\n","protected":false},"author":9,"featured_media":28960,"comment_status":"open","ping_status":"closed","sticky":false,"template":"","format":"standard","meta":{"footnotes":""},"categories":[234],"tags":[1265,3067,4446,1415,364,101],"class_list":["post-28959","post","type-post","status-publish","format-standard","has-post-thumbnail","hentry","category-cb-poder","tag-alianca","tag-executiva-nacional","tag-isnaldo-bulhoes","tag-mdb","tag-rafael-prudente","tag-wellington-luiz"],"_links":{"self":[{"href":"https:\/\/blogs.correiobraziliense.com.br\/cbpoder\/wp-json\/wp\/v2\/posts\/28959","targetHints":{"allow":["GET"]}}],"collection":[{"href":"https:\/\/blogs.correiobraziliense.com.br\/cbpoder\/wp-json\/wp\/v2\/posts"}],"about":[{"href":"https:\/\/blogs.correiobraziliense.com.br\/cbpoder\/wp-json\/wp\/v2\/types\/post"}],"author":[{"embeddable":true,"href":"https:\/\/blogs.correiobraziliense.com.br\/cbpoder\/wp-json\/wp\/v2\/users\/9"}],"replies":[{"embeddable":true,"href":"https:\/\/blogs.correiobraziliense.com.br\/cbpoder\/wp-json\/wp\/v2\/comments?post=28959"}],"version-history":[{"count":3,"href":"https:\/\/blogs.correiobraziliense.com.br\/cbpoder\/wp-json\/wp\/v2\/posts\/28959\/revisions"}],"predecessor-version":[{"id":28963,"href":"https:\/\/blogs.correiobraziliense.com.br\/cbpoder\/wp-json\/wp\/v2\/posts\/28959\/revisions\/28963"}],"wp:featuredmedia":[{"embeddable":true,"href":"https:\/\/blogs.correiobraziliense.com.br\/cbpoder\/wp-json\/wp\/v2\/media\/28960"}],"wp:attachment":[{"href":"https:\/\/blogs.correiobraziliense.com.br\/cbpoder\/wp-json\/wp\/v2\/media?parent=28959"}],"wp:term":[{"taxonomy":"category","embeddable":true,"href":"https:\/\/blogs.correiobraziliense.com.br\/cbpoder\/wp-json\/wp\/v2\/categories?post=28959"},{"taxonomy":"post_tag","embeddable":true,"href":"https:\/\/blogs.correiobraziliense.com.br\/cbpoder\/wp-json\/wp\/v2\/tags?post=28959"}],"curies":[{"name":"wp","href":"https:\/\/api.w.org\/{rel}","templated":true}]}}