{"id":28956,"date":"2026-06-11T16:09:27","date_gmt":"2026-06-11T19:09:27","guid":{"rendered":"https:\/\/blogs.correiobraziliense.com.br\/cbpoder\/?p=28956"},"modified":"2026-06-11T16:09:27","modified_gmt":"2026-06-11T19:09:27","slug":"depois-do-procedimento-no-coracao-arruda-recebe","status":"publish","type":"post","link":"https:\/\/blogs.correiobraziliense.com.br\/cbpoder\/depois-do-procedimento-no-coracao-arruda-recebe\/","title":{"rendered":"Depois do procedimento no cora\u00e7\u00e3o, Arruda recebe alta"},"content":{"rendered":"<h4>ANA MARIA CAMPOS<\/h4>\n<p>O ex-governador Jos\u00e9 Roberto Arruda (PSD) teve alta nesta manh\u00e3 (11\/06) do Hospital DF Star onde estava internado para realizar um procedimento no cora\u00e7\u00e3o.<\/p>\n<p>&nbsp;<\/p>\n<p>Arruda se internou na ter\u00e7a-feira (09\/06) para se submeter a uma abla\u00e7\u00e3o, procedimento para tratar uma arritmia card\u00edaca.<\/p>\n<p>&nbsp;<\/p>\n<p>A interven\u00e7\u00e3o foi considerada um sucesso, sem intercorr\u00eancias, e Arruda poder\u00e1 retomar a agenda de pr\u00e9-campanha domingo (14\/06).<\/p>\n<p>&nbsp;<\/p>\n","protected":false},"excerpt":{"rendered":"<p>ANA MARIA CAMPOS O ex-governador Jos\u00e9 Roberto Arruda (PSD) teve alta nesta manh\u00e3 (11\/06) do Hospital DF Star onde estava internado para realizar um procedimento no cora\u00e7\u00e3o. &nbsp; Arruda se internou na ter\u00e7a-feira (09\/06) para se submeter a uma abla\u00e7\u00e3o, procedimento para tratar uma arritmia card\u00edaca. &nbsp; A interven\u00e7\u00e3o foi considerada um sucesso, sem intercorr\u00eancias, e Arruda poder\u00e1 retomar a [&hellip;]<\/p>\n","protected":false},"author":9,"featured_media":28957,"comment_status":"open","ping_status":"closed","sticky":false,"template":"","format":"standard","meta":{"footnotes":""},"categories":[234],"tags":[4439,2075,4445,42,4438,4444],"class_list":["post-28956","post","type-post","status-publish","format-standard","has-post-thumbnail","hentry","category-cb-poder","tag-ablacao","tag-alta","tag-arritmia","tag-arruda","tag-coracao","tag-procedimento"],"_links":{"self":[{"href":"https:\/\/blogs.correiobraziliense.com.br\/cbpoder\/wp-json\/wp\/v2\/posts\/28956","targetHints":{"allow":["GET"]}}],"collection":[{"href":"https:\/\/blogs.correiobraziliense.com.br\/cbpoder\/wp-json\/wp\/v2\/posts"}],"about":[{"href":"https:\/\/blogs.correiobraziliense.com.br\/cbpoder\/wp-json\/wp\/v2\/types\/post"}],"author":[{"embeddable":true,"href":"https:\/\/blogs.correiobraziliense.com.br\/cbpoder\/wp-json\/wp\/v2\/users\/9"}],"replies":[{"embeddable":true,"href":"https:\/\/blogs.correiobraziliense.com.br\/cbpoder\/wp-json\/wp\/v2\/comments?post=28956"}],"version-history":[{"count":1,"href":"https:\/\/blogs.correiobraziliense.com.br\/cbpoder\/wp-json\/wp\/v2\/posts\/28956\/revisions"}],"predecessor-version":[{"id":28958,"href":"https:\/\/blogs.correiobraziliense.com.br\/cbpoder\/wp-json\/wp\/v2\/posts\/28956\/revisions\/28958"}],"wp:featuredmedia":[{"embeddable":true,"href":"https:\/\/blogs.correiobraziliense.com.br\/cbpoder\/wp-json\/wp\/v2\/media\/28957"}],"wp:attachment":[{"href":"https:\/\/blogs.correiobraziliense.com.br\/cbpoder\/wp-json\/wp\/v2\/media?parent=28956"}],"wp:term":[{"taxonomy":"category","embeddable":true,"href":"https:\/\/blogs.correiobraziliense.com.br\/cbpoder\/wp-json\/wp\/v2\/categories?post=28956"},{"taxonomy":"post_tag","embeddable":true,"href":"https:\/\/blogs.correiobraziliense.com.br\/cbpoder\/wp-json\/wp\/v2\/tags?post=28956"}],"curies":[{"name":"wp","href":"https:\/\/api.w.org\/{rel}","templated":true}]}}