{"id":28953,"date":"2026-06-11T14:51:34","date_gmt":"2026-06-11T17:51:34","guid":{"rendered":"https:\/\/blogs.correiobraziliense.com.br\/cbpoder\/?p=28953"},"modified":"2026-06-11T14:51:34","modified_gmt":"2026-06-11T17:51:34","slug":"ex-presidente-do-pt-df-vai-disputar-as-eleicoes","status":"publish","type":"post","link":"https:\/\/blogs.correiobraziliense.com.br\/cbpoder\/ex-presidente-do-pt-df-vai-disputar-as-eleicoes\/","title":{"rendered":"Ex-presidente do PT-DF vai  disputar as elei\u00e7\u00f5es"},"content":{"rendered":"<h4>ANA MARIA CAMPOS\/EIXO CAPITAL<\/h4>\n<p class=\"p1\"><span class=\"s1\">O PT-DF confirmou a pr\u00e9-candidatura do ex-presidente da legenda Jacy Afonso. Militante hist\u00f3rico do partido, ele vai disputar pela primeira vez uma candidatura nas elei\u00e7\u00f5es gerais.<\/span><\/p>\n<p>&nbsp;<\/p>\n<p class=\"p1\"><span class=\"s1\"> Jacy defende pautas como a implanta\u00e7\u00e3o da tarifa zero no transporte p\u00fablico, a cria\u00e7\u00e3o de um sal\u00e1rio m\u00ednimo regional para o Distrito Federal, o fim da escala 6&#215;1, a valoriza\u00e7\u00e3o do trabalho, entre outras propostas voltadas ao desenvolvimento do Distrito Federal.<\/span><\/p>\n<p>&nbsp;<\/p>\n<p>Os tr\u00eas deputados da bancada do PT na C\u00e2mara Legislativa, Chico Vigilante, Gabriel Magno e Ricardo Vale, tamb\u00e9m est\u00e3o no p\u00e1reo.<\/p>\n<p>&nbsp;<\/p>\n<p>A expectativa do partido \u00e9 ampliar o n\u00famero de deputados petistas na pr\u00f3xima legislatura.<\/p>\n","protected":false},"excerpt":{"rendered":"<p>ANA MARIA CAMPOS\/EIXO CAPITAL O PT-DF confirmou a pr\u00e9-candidatura do ex-presidente da legenda Jacy Afonso. Militante hist\u00f3rico do partido, ele vai disputar pela primeira vez uma candidatura nas elei\u00e7\u00f5es gerais. &nbsp; Jacy defende pautas como a implanta\u00e7\u00e3o da tarifa zero no transporte p\u00fablico, a cria\u00e7\u00e3o de um sal\u00e1rio m\u00ednimo regional para o Distrito Federal, o fim da escala 6&#215;1, a [&hellip;]<\/p>\n","protected":false},"author":9,"featured_media":28954,"comment_status":"open","ping_status":"closed","sticky":false,"template":"","format":"standard","meta":{"footnotes":""},"categories":[234],"tags":[1340,3786,3916,530,290],"class_list":["post-28953","post","type-post","status-publish","format-standard","has-post-thumbnail","hentry","category-cb-poder","tag-candidato","tag-eleicoes-2026","tag-jacy-afonso","tag-presidencia-camara-legislativa","tag-pt"],"_links":{"self":[{"href":"https:\/\/blogs.correiobraziliense.com.br\/cbpoder\/wp-json\/wp\/v2\/posts\/28953","targetHints":{"allow":["GET"]}}],"collection":[{"href":"https:\/\/blogs.correiobraziliense.com.br\/cbpoder\/wp-json\/wp\/v2\/posts"}],"about":[{"href":"https:\/\/blogs.correiobraziliense.com.br\/cbpoder\/wp-json\/wp\/v2\/types\/post"}],"author":[{"embeddable":true,"href":"https:\/\/blogs.correiobraziliense.com.br\/cbpoder\/wp-json\/wp\/v2\/users\/9"}],"replies":[{"embeddable":true,"href":"https:\/\/blogs.correiobraziliense.com.br\/cbpoder\/wp-json\/wp\/v2\/comments?post=28953"}],"version-history":[{"count":1,"href":"https:\/\/blogs.correiobraziliense.com.br\/cbpoder\/wp-json\/wp\/v2\/posts\/28953\/revisions"}],"predecessor-version":[{"id":28955,"href":"https:\/\/blogs.correiobraziliense.com.br\/cbpoder\/wp-json\/wp\/v2\/posts\/28953\/revisions\/28955"}],"wp:featuredmedia":[{"embeddable":true,"href":"https:\/\/blogs.correiobraziliense.com.br\/cbpoder\/wp-json\/wp\/v2\/media\/28954"}],"wp:attachment":[{"href":"https:\/\/blogs.correiobraziliense.com.br\/cbpoder\/wp-json\/wp\/v2\/media?parent=28953"}],"wp:term":[{"taxonomy":"category","embeddable":true,"href":"https:\/\/blogs.correiobraziliense.com.br\/cbpoder\/wp-json\/wp\/v2\/categories?post=28953"},{"taxonomy":"post_tag","embeddable":true,"href":"https:\/\/blogs.correiobraziliense.com.br\/cbpoder\/wp-json\/wp\/v2\/tags?post=28953"}],"curies":[{"name":"wp","href":"https:\/\/api.w.org\/{rel}","templated":true}]}}