{"id":28949,"date":"2026-06-11T14:36:38","date_gmt":"2026-06-11T17:36:38","guid":{"rendered":"https:\/\/blogs.correiobraziliense.com.br\/cbpoder\/?p=28949"},"modified":"2026-06-11T14:40:29","modified_gmt":"2026-06-11T17:40:29","slug":"pdt-lanca-professora-fatima-sousa-superintendente-do-hub-pre-candidata-a-federal","status":"publish","type":"post","link":"https:\/\/blogs.correiobraziliense.com.br\/cbpoder\/pdt-lanca-professora-fatima-sousa-superintendente-do-hub-pre-candidata-a-federal\/","title":{"rendered":"PDT lan\u00e7a professora F\u00e1tima Sousa, superintendente do HUB, pr\u00e9-candidata a federal"},"content":{"rendered":"<h4>ANA MARIA CAMPOS\/EIXO CAPITAL<\/h4>\n<p class=\"p1\"><span class=\"s1\">Superintendente do Hospital Universit\u00e1rio de Bras\u00edlia (HUB), a Professora F\u00e1tima Sousa decidiu aceitar o convite do PDT para concorrer a um mandato de deputada federal.<\/span><\/p>\n<p>&nbsp;<\/p>\n<p class=\"p1\"><span class=\"s1\"> \u201dUma filha da democracia n\u00e3o foge \u00e0 luta\u201d, disse \u00e0 coluna <strong>Eixo Capital<\/strong> a enfermeira sanitarista e professora da UnB que deixou o PSol no ano passado, depois de disputar em 2018 elei\u00e7\u00f5es para o GDF.<\/span><\/p>\n<p>&nbsp;<\/p>\n<p>F\u00e1tima Sousa \u00e9 reconhecida por sua trajet\u00f3ria na sa\u00fade p\u00fablica, na educa\u00e7\u00e3o e na gest\u00e3o p\u00fablica.<\/p>\n<p>&nbsp;<\/p>\n<p>\u00c9 professora licenciada do Departamento de Sa\u00fade Coletiva da Faculdade de Ci\u00eancias da Sa\u00fade da UnB, onde coordenou o N\u00facleo de Estudos em Sa\u00fade P\u00fablica (Nesp) e ajudou a criar a Unidade de Estudos e Pesquisas em Sa\u00fade da Fam\u00edlia.<\/p>\n<p>&nbsp;<\/p>\n<p>Com mestrado em Ci\u00eancias Sociais e doutorado em Ci\u00eancias da Sa\u00fade, Professora F\u00e1tima construiu uma carreira marcada pelo compromisso com a defesa do Sistema \u00danico de Sa\u00fade (SUS), da ci\u00eancia e das pol\u00edticas p\u00fablicas voltadas \u00e0 melhoria da qualidade de vida da popula\u00e7\u00e3o.<\/p>\n<p>&nbsp;<\/p>\n<p>Com ampla experi\u00eancia na gest\u00e3o p\u00fablica e na \u00e1rea da sa\u00fade, atuou como vice-presidente da Associa\u00e7\u00e3o Brasileira de Sa\u00fade Coletiva (Abrasco), gerente nacional do Programa de Agentes Comunit\u00e1rios de Sa\u00fade e assessora do Programa Sa\u00fade da Fam\u00edlia, no Minist\u00e9rio da Sa\u00fade.<\/p>\n<p>Na UnB, foi diretora da Faculdade de Ci\u00eancias da Sa\u00fade e candidata a reitora.<\/p>\n<p>&nbsp;<\/p>\n<p>A pr\u00e9-candidata ao Senado e senadora Leila do V\u00f4lei esteve presente no ato de lan\u00e7amento da pr\u00e9-candidatura e disse estar \u201cmuito confiante pela trajet\u00f3ria da professora, pelo grau de qualifica\u00e7\u00e3o e pela experi\u00eancia\u201d.<\/p>\n<p>&nbsp;<\/p>\n<p>A senadora tamb\u00e9m refor\u00e7ou o papel das mulheres na pol\u00edtica: \u201cN\u00f3s estamos precisando muito de mulheres preparadas e encorajadas para enfrentarem conosco esse pleito\u201d, disse.<\/p>\n","protected":false},"excerpt":{"rendered":"<p>ANA MARIA CAMPOS\/EIXO CAPITAL Superintendente do Hospital Universit\u00e1rio de Bras\u00edlia (HUB), a Professora F\u00e1tima Sousa decidiu aceitar o convite do PDT para concorrer a um mandato de deputada federal. &nbsp; \u201dUma filha da democracia n\u00e3o foge \u00e0 luta\u201d, disse \u00e0 coluna Eixo Capital a enfermeira sanitarista e professora da UnB que deixou o PSol no ano passado, depois de disputar [&hellip;]<\/p>\n","protected":false},"author":9,"featured_media":28950,"comment_status":"open","ping_status":"closed","sticky":false,"template":"","format":"standard","meta":{"footnotes":""},"categories":[234],"tags":[3147,4096,3786,2989,267,4044,138],"class_list":["post-28949","post","type-post","status-publish","format-standard","has-post-thumbnail","hentry","category-cb-poder","tag-candidata","tag-deputada-federal","tag-eleicoes-2026","tag-hub","tag-pdt","tag-professora-fatima-sousa","tag-saude"],"_links":{"self":[{"href":"https:\/\/blogs.correiobraziliense.com.br\/cbpoder\/wp-json\/wp\/v2\/posts\/28949","targetHints":{"allow":["GET"]}}],"collection":[{"href":"https:\/\/blogs.correiobraziliense.com.br\/cbpoder\/wp-json\/wp\/v2\/posts"}],"about":[{"href":"https:\/\/blogs.correiobraziliense.com.br\/cbpoder\/wp-json\/wp\/v2\/types\/post"}],"author":[{"embeddable":true,"href":"https:\/\/blogs.correiobraziliense.com.br\/cbpoder\/wp-json\/wp\/v2\/users\/9"}],"replies":[{"embeddable":true,"href":"https:\/\/blogs.correiobraziliense.com.br\/cbpoder\/wp-json\/wp\/v2\/comments?post=28949"}],"version-history":[{"count":2,"href":"https:\/\/blogs.correiobraziliense.com.br\/cbpoder\/wp-json\/wp\/v2\/posts\/28949\/revisions"}],"predecessor-version":[{"id":28952,"href":"https:\/\/blogs.correiobraziliense.com.br\/cbpoder\/wp-json\/wp\/v2\/posts\/28949\/revisions\/28952"}],"wp:featuredmedia":[{"embeddable":true,"href":"https:\/\/blogs.correiobraziliense.com.br\/cbpoder\/wp-json\/wp\/v2\/media\/28950"}],"wp:attachment":[{"href":"https:\/\/blogs.correiobraziliense.com.br\/cbpoder\/wp-json\/wp\/v2\/media?parent=28949"}],"wp:term":[{"taxonomy":"category","embeddable":true,"href":"https:\/\/blogs.correiobraziliense.com.br\/cbpoder\/wp-json\/wp\/v2\/categories?post=28949"},{"taxonomy":"post_tag","embeddable":true,"href":"https:\/\/blogs.correiobraziliense.com.br\/cbpoder\/wp-json\/wp\/v2\/tags?post=28949"}],"curies":[{"name":"wp","href":"https:\/\/api.w.org\/{rel}","templated":true}]}}