{"id":28946,"date":"2026-06-11T14:21:42","date_gmt":"2026-06-11T17:21:42","guid":{"rendered":"https:\/\/blogs.correiobraziliense.com.br\/cbpoder\/?p=28946"},"modified":"2026-06-11T14:21:42","modified_gmt":"2026-06-11T17:21:42","slug":"deputado-thiago-manzoni-pl-entra-em-campanha-para-federal","status":"publish","type":"post","link":"https:\/\/blogs.correiobraziliense.com.br\/cbpoder\/deputado-thiago-manzoni-pl-entra-em-campanha-para-federal\/","title":{"rendered":"Deputado Thiago Manzoni (PL) entra em campanha para federal"},"content":{"rendered":"<h4>ANA MARIA CAMPOS\/EIXO CAPITAL<\/h4>\n<p>Em um audit\u00f3rio com cerca de duas mil pessoas, o deputado distrital Thiago Manzoni (PL) deu in\u00edcio \u00e0 pr\u00e9-campanha \u00e0 C\u00e2mara dos Deputados.<\/p>\n<p>&nbsp;<\/p>\n<p>O encontro, realizado na noite de ter\u00e7a-feira (09\/06), reuniu apoiadores, pr\u00e9-candidatos do PL, parlamentares e representantes do movimento conservador em Bras\u00edlia, entre as quais a governadora Celina Le\u00e3o (PP), a deputada federal Bia Kicis (PL-DF) e a ex-primeira-dama Michele Bolsonaro (PL).<\/p>\n<p>&nbsp;<\/p>\n<p class=\"p1\"><strong><span class=\"s1\">Com o casal Bolsonaro<\/span><\/strong><\/p>\n<p class=\"p1\"><span class=\"s1\">Michelle Bolsonaro fez um discurso de apoio a Manzoni. \u201cThiago Manzoni \u00e9 uma pessoa que luta pela vida desde a concep\u00e7\u00e3o, \u00e9 um defensor antidrogas, \u00e9 um agente de acessibilidade, \u00e9 uma pessoa que verdadeiramente se preocupa com o pr\u00f3ximo\u201d, afirmou.<br \/>\n<\/span><\/p>\n<p class=\"p1\"><span class=\"s1\"><br \/>\nMichelle tamb\u00e9m compartilhou uma mensagem enviada pelo presidente Jair Bolsonaro e revelou o apelido que ele costuma usar ao se referir a Thiago Manzoni, numa refer\u00eancia ao presidente de El Salvador.<br \/>\n<\/span><\/p>\n<p>&nbsp;<\/p>\n<p class=\"p1\"><span class=\"s1\">\u201cVoc\u00ea tamb\u00e9m \u00e9 o Bukele de Jair Messias Bolsonaro. N\u00e3o me pergunte por que ele colocou esse apelido em voc\u00ea. \u00c9 o Bukele. Ent\u00e3o ele falou: \u2018Mi, manda um abra\u00e7o para o Bukele, fala para ele que vai dar tudo certo\u2019.\u201d<\/span><\/p>\n<p>&nbsp;<\/p>\n<p>Quando Bolsonaro estava em prisao domiciliar antes da condena\u00e7\u00e3o, Thiago Manzoni era um dos pastores autorizados a visit\u00e1-lo para dar apoio espiritual e religioso.<\/p>\n","protected":false},"excerpt":{"rendered":"<p>ANA MARIA CAMPOS\/EIXO CAPITAL Em um audit\u00f3rio com cerca de duas mil pessoas, o deputado distrital Thiago Manzoni (PL) deu in\u00edcio \u00e0 pr\u00e9-campanha \u00e0 C\u00e2mara dos Deputados. &nbsp; O encontro, realizado na noite de ter\u00e7a-feira (09\/06), reuniu apoiadores, pr\u00e9-candidatos do PL, parlamentares e representantes do movimento conservador em Bras\u00edlia, entre as quais a governadora Celina Le\u00e3o (PP), a deputada federal [&hellip;]<\/p>\n","protected":false},"author":9,"featured_media":28947,"comment_status":"open","ping_status":"closed","sticky":false,"template":"","format":"standard","meta":{"footnotes":""},"categories":[234],"tags":[1392,1490,1436,2461,3098,3151],"class_list":["post-28946","post","type-post","status-publish","format-standard","has-post-thumbnail","hentry","category-cb-poder","tag-candidato-deputado-federal","tag-eleicoes-2018-eliana","tag-jair-bolsonaro","tag-michelle-bolsonaro","tag-pl","tag-thiago-manzoni"],"_links":{"self":[{"href":"https:\/\/blogs.correiobraziliense.com.br\/cbpoder\/wp-json\/wp\/v2\/posts\/28946","targetHints":{"allow":["GET"]}}],"collection":[{"href":"https:\/\/blogs.correiobraziliense.com.br\/cbpoder\/wp-json\/wp\/v2\/posts"}],"about":[{"href":"https:\/\/blogs.correiobraziliense.com.br\/cbpoder\/wp-json\/wp\/v2\/types\/post"}],"author":[{"embeddable":true,"href":"https:\/\/blogs.correiobraziliense.com.br\/cbpoder\/wp-json\/wp\/v2\/users\/9"}],"replies":[{"embeddable":true,"href":"https:\/\/blogs.correiobraziliense.com.br\/cbpoder\/wp-json\/wp\/v2\/comments?post=28946"}],"version-history":[{"count":1,"href":"https:\/\/blogs.correiobraziliense.com.br\/cbpoder\/wp-json\/wp\/v2\/posts\/28946\/revisions"}],"predecessor-version":[{"id":28948,"href":"https:\/\/blogs.correiobraziliense.com.br\/cbpoder\/wp-json\/wp\/v2\/posts\/28946\/revisions\/28948"}],"wp:featuredmedia":[{"embeddable":true,"href":"https:\/\/blogs.correiobraziliense.com.br\/cbpoder\/wp-json\/wp\/v2\/media\/28947"}],"wp:attachment":[{"href":"https:\/\/blogs.correiobraziliense.com.br\/cbpoder\/wp-json\/wp\/v2\/media?parent=28946"}],"wp:term":[{"taxonomy":"category","embeddable":true,"href":"https:\/\/blogs.correiobraziliense.com.br\/cbpoder\/wp-json\/wp\/v2\/categories?post=28946"},{"taxonomy":"post_tag","embeddable":true,"href":"https:\/\/blogs.correiobraziliense.com.br\/cbpoder\/wp-json\/wp\/v2\/tags?post=28946"}],"curies":[{"name":"wp","href":"https:\/\/api.w.org\/{rel}","templated":true}]}}