{"id":28935,"date":"2026-06-09T08:05:42","date_gmt":"2026-06-09T11:05:42","guid":{"rendered":"https:\/\/blogs.correiobraziliense.com.br\/cbpoder\/?p=28935"},"modified":"2026-06-09T08:05:42","modified_gmt":"2026-06-09T11:05:42","slug":"arruda-se-interna-hoje-para-procedimento-no-coracao","status":"publish","type":"post","link":"https:\/\/blogs.correiobraziliense.com.br\/cbpoder\/arruda-se-interna-hoje-para-procedimento-no-coracao\/","title":{"rendered":"Arruda se interna hoje para procedimento no cora\u00e7\u00e3o"},"content":{"rendered":"<h4>ANA MARIA CAMPOS\/EIXO CAPITAL<\/h4>\n<p class=\"p1\">O ex-governador Jos\u00e9 Roberto Arruda (PSD) vai se internar hoje em hospital em Bras\u00edlia para um procedimento invasivo no cora\u00e7\u00e3o para tratar uma arritmia card\u00edaca. Chama-se abla\u00e7\u00e3o.<\/p>\n<p>&nbsp;<\/p>\n<p class=\"p1\">Pr\u00e9-candidato ao Pal\u00e1cio do Buriti, Arruda deve permanecer dois ou tr\u00eas dias no hospital e receber alta at\u00e9 o fim de semana.<\/p>\n<p>&nbsp;<\/p>\n<p class=\"p1\">Arruda tem um estilo de vida saud\u00e1vel na alimenta\u00e7\u00e3o e com atividades f\u00edsicas. Ele descobriu a arritmia porque sentiu tonteiras e varia\u00e7\u00f5es da press\u00e3o arterial.<\/p>\n<p>&nbsp;<\/p>\n<p>Por conta do procedimento, o pr\u00e9-candidato ficar\u00e1 alguns dias afastado da agenda de campanha.<\/p>\n","protected":false},"excerpt":{"rendered":"<p>ANA MARIA CAMPOS\/EIXO CAPITAL O ex-governador Jos\u00e9 Roberto Arruda (PSD) vai se internar hoje em hospital em Bras\u00edlia para um procedimento invasivo no cora\u00e7\u00e3o para tratar uma arritmia card\u00edaca. Chama-se abla\u00e7\u00e3o. &nbsp; Pr\u00e9-candidato ao Pal\u00e1cio do Buriti, Arruda deve permanecer dois ou tr\u00eas dias no hospital e receber alta at\u00e9 o fim de semana. &nbsp; Arruda tem um estilo de [&hellip;]<\/p>\n","protected":false},"author":9,"featured_media":25560,"comment_status":"open","ping_status":"closed","sticky":false,"template":"","format":"standard","meta":{"footnotes":""},"categories":[234],"tags":[4439,42,4438,108],"class_list":["post-28935","post","type-post","status-publish","format-standard","has-post-thumbnail","hentry","category-cb-poder","tag-ablacao","tag-arruda","tag-coracao","tag-hospital"],"_links":{"self":[{"href":"https:\/\/blogs.correiobraziliense.com.br\/cbpoder\/wp-json\/wp\/v2\/posts\/28935","targetHints":{"allow":["GET"]}}],"collection":[{"href":"https:\/\/blogs.correiobraziliense.com.br\/cbpoder\/wp-json\/wp\/v2\/posts"}],"about":[{"href":"https:\/\/blogs.correiobraziliense.com.br\/cbpoder\/wp-json\/wp\/v2\/types\/post"}],"author":[{"embeddable":true,"href":"https:\/\/blogs.correiobraziliense.com.br\/cbpoder\/wp-json\/wp\/v2\/users\/9"}],"replies":[{"embeddable":true,"href":"https:\/\/blogs.correiobraziliense.com.br\/cbpoder\/wp-json\/wp\/v2\/comments?post=28935"}],"version-history":[{"count":1,"href":"https:\/\/blogs.correiobraziliense.com.br\/cbpoder\/wp-json\/wp\/v2\/posts\/28935\/revisions"}],"predecessor-version":[{"id":28936,"href":"https:\/\/blogs.correiobraziliense.com.br\/cbpoder\/wp-json\/wp\/v2\/posts\/28935\/revisions\/28936"}],"wp:featuredmedia":[{"embeddable":true,"href":"https:\/\/blogs.correiobraziliense.com.br\/cbpoder\/wp-json\/wp\/v2\/media\/25560"}],"wp:attachment":[{"href":"https:\/\/blogs.correiobraziliense.com.br\/cbpoder\/wp-json\/wp\/v2\/media?parent=28935"}],"wp:term":[{"taxonomy":"category","embeddable":true,"href":"https:\/\/blogs.correiobraziliense.com.br\/cbpoder\/wp-json\/wp\/v2\/categories?post=28935"},{"taxonomy":"post_tag","embeddable":true,"href":"https:\/\/blogs.correiobraziliense.com.br\/cbpoder\/wp-json\/wp\/v2\/tags?post=28935"}],"curies":[{"name":"wp","href":"https:\/\/api.w.org\/{rel}","templated":true}]}}