{"id":28931,"date":"2026-06-04T07:19:02","date_gmt":"2026-06-04T10:19:02","guid":{"rendered":"https:\/\/blogs.correiobraziliense.com.br\/cbpoder\/?p=28931"},"modified":"2026-06-04T07:20:38","modified_gmt":"2026-06-04T10:20:38","slug":"gonet-elogia-alexandre-de-moraes-atuacao-corajosa-segura-firme-talentosa","status":"publish","type":"post","link":"https:\/\/blogs.correiobraziliense.com.br\/cbpoder\/gonet-elogia-alexandre-de-moraes-atuacao-corajosa-segura-firme-talentosa\/","title":{"rendered":"Gonet elogia Alexandre de Moraes: \u201catua\u00e7\u00e3o corajosa, segura, firme, talentosa\u201d"},"content":{"rendered":"<h4>ANA MARIA CAMPOS, enviada especial<\/h4>\n<p>Lisboa &#8211; Ao participar da mesa de encerramento do XIV F\u00f3rum de Lisboa, nesta quarta-feira (03\/06), o procurador-geral da Rep\u00fablica, Paulo Gonet, aproveitou o pronunciamento para fazer elogios ao ministro Alexandre de Moraes, pela atua\u00e7\u00e3o na relatoria da a\u00e7\u00e3o penal sobre a tentativa de golpe que levou \u00e0 condena\u00e7\u00e3o do ex-presidente Jair Bolsonaro e outros denunciados pelo Minist\u00e9rio P\u00fablico.<\/p>\n<p>&nbsp;<\/p>\n<p class=\"p1\"><span class=\"s1\">Gonet afirmou que a atua\u00e7\u00e3o do Supremo Tribunal Federal (STF) foi fundamental para a preserva\u00e7\u00e3o da democracia. \u201cE ousaria destacar a atua\u00e7\u00e3o corajosa, a atua\u00e7\u00e3o segura, firme, talentosa do relator dessa a\u00e7\u00e3o penal, o ministro Alexandre de Moraes\u201d.<\/span><\/p>\n<p>&nbsp;<\/p>\n<p class=\"p1\"><span class=\"s1\">Nesse momento, Gonet foi muito aplaudido pelos integrantes da mesa, no audit\u00f3rio da Faculdade de Direito de Lisboa, especialista pelo ministro Luis Felipe Salom\u00e3o, vice-presidente do Superior Tribunal de Justi\u00e7a (STJ), e pelo ministro Gilmar Mendes, do STF.<\/span><\/p>\n<p>&nbsp;<\/p>\n<p>Gonet esteve em Lisboa nos tr\u00eas dias do evento que j\u00e1 ficou conhecido como Gilmarpalooza, mas s\u00f3 participou como orador do painel de encerramento.<\/p>\n<p>&nbsp;<\/p>\n<p>Alexandre de Moraes enfrenta um momento de desgaste em decorr\u00eancia das investiga\u00e7\u00f5es sobre o Banco Master, segundo aa quais a esposa do ministro, Viviane Barci, manteve um contrato milion\u00e1rio com Daniel Vorcaro.<\/p>\n<p>&nbsp;<\/p>\n<p>Mesmo assim, Moraes foi muito assediado por advogados e demais participantes do evento que pediam uma selfie ao lado<\/p>\n","protected":false},"excerpt":{"rendered":"<p>ANA MARIA CAMPOS, enviada especial Lisboa &#8211; Ao participar da mesa de encerramento do XIV F\u00f3rum de Lisboa, nesta quarta-feira (03\/06), o procurador-geral da Rep\u00fablica, Paulo Gonet, aproveitou o pronunciamento para fazer elogios ao ministro Alexandre de Moraes, pela atua\u00e7\u00e3o na relatoria da a\u00e7\u00e3o penal sobre a tentativa de golpe que levou \u00e0 condena\u00e7\u00e3o do ex-presidente Jair Bolsonaro e outros [&hellip;]<\/p>\n","protected":false},"author":9,"featured_media":28932,"comment_status":"open","ping_status":"closed","sticky":false,"template":"","format":"standard","meta":{"footnotes":""},"categories":[234],"tags":[1176,4437,3562,4427],"class_list":["post-28931","post","type-post","status-publish","format-standard","has-post-thumbnail","hentry","category-cb-poder","tag-alexandre-de-moraes","tag-elogios","tag-paulo-gonet","tag-xiv-forum-de-lisboa"],"_links":{"self":[{"href":"https:\/\/blogs.correiobraziliense.com.br\/cbpoder\/wp-json\/wp\/v2\/posts\/28931","targetHints":{"allow":["GET"]}}],"collection":[{"href":"https:\/\/blogs.correiobraziliense.com.br\/cbpoder\/wp-json\/wp\/v2\/posts"}],"about":[{"href":"https:\/\/blogs.correiobraziliense.com.br\/cbpoder\/wp-json\/wp\/v2\/types\/post"}],"author":[{"embeddable":true,"href":"https:\/\/blogs.correiobraziliense.com.br\/cbpoder\/wp-json\/wp\/v2\/users\/9"}],"replies":[{"embeddable":true,"href":"https:\/\/blogs.correiobraziliense.com.br\/cbpoder\/wp-json\/wp\/v2\/comments?post=28931"}],"version-history":[{"count":2,"href":"https:\/\/blogs.correiobraziliense.com.br\/cbpoder\/wp-json\/wp\/v2\/posts\/28931\/revisions"}],"predecessor-version":[{"id":28934,"href":"https:\/\/blogs.correiobraziliense.com.br\/cbpoder\/wp-json\/wp\/v2\/posts\/28931\/revisions\/28934"}],"wp:featuredmedia":[{"embeddable":true,"href":"https:\/\/blogs.correiobraziliense.com.br\/cbpoder\/wp-json\/wp\/v2\/media\/28932"}],"wp:attachment":[{"href":"https:\/\/blogs.correiobraziliense.com.br\/cbpoder\/wp-json\/wp\/v2\/media?parent=28931"}],"wp:term":[{"taxonomy":"category","embeddable":true,"href":"https:\/\/blogs.correiobraziliense.com.br\/cbpoder\/wp-json\/wp\/v2\/categories?post=28931"},{"taxonomy":"post_tag","embeddable":true,"href":"https:\/\/blogs.correiobraziliense.com.br\/cbpoder\/wp-json\/wp\/v2\/tags?post=28931"}],"curies":[{"name":"wp","href":"https:\/\/api.w.org\/{rel}","templated":true}]}}