{"id":28926,"date":"2026-06-02T10:32:36","date_gmt":"2026-06-02T13:32:36","guid":{"rendered":"https:\/\/blogs.correiobraziliense.com.br\/cbpoder\/?p=28926"},"modified":"2026-06-02T10:40:48","modified_gmt":"2026-06-02T13:40:48","slug":"para-vencedor-do-premio-pulitzer-estados-unidos-e-china-precisam-se-unir-para-evitar-que-humanidade-seja-dominada-pela-ia","status":"publish","type":"post","link":"https:\/\/blogs.correiobraziliense.com.br\/cbpoder\/para-vencedor-do-premio-pulitzer-estados-unidos-e-china-precisam-se-unir-para-evitar-que-humanidade-seja-dominada-pela-ia\/","title":{"rendered":"Para vencedor do Pr\u00eamio Pulitzer, Estados Unidos e China precisam se unir para evitar que humanidade seja dominada pela IA"},"content":{"rendered":"<h4>ANA MARIA CAMPOS, enviada especial<\/h4>\n<p class=\"p1\"><span class=\"s1\">Lisboa &#8211; O jornalista Thomas Friedman, colunista de assuntos internacionais do New York Times, defendeu nesta manh\u00e3 (02\/06) que as duas maiores pot\u00eancias econ\u00f4micas mundiais, Estados Unidos e China, abram o di\u00e1logo e criem um protocolo para a Intelig\u00eancia Artificial (IA).<\/span><\/p>\n<p>&nbsp;<\/p>\n<p class=\"p1\"><span class=\"s1\">Detentor de tr\u00eas Pr\u00eamios Pulitzer, a maior premia\u00e7\u00e3o mundial de jornalismo e literatura, Friedman participou do painel \u201cNova Ordem Global: Tecnologia, geopol\u00edtica e o futuro da democracia\u201d, mediado por Andr\u00e9 Esteves, chairman e s\u00f3cio s\u00eanior do BTG Pactual, e apresentado pelo ministro Gilmar Mendes, do Supremo Tribunal Federal (STF), no segundo dia do XIV F\u00f3rum de Lisboa.<\/span><\/p>\n<p>&nbsp;<\/p>\n<p class=\"p1\"><span class=\"s1\">Friedman falou sobre a revolu\u00e7\u00e3o mundial provocada na atualidade pela IA, com enormes consequ\u00eancias \u00e9ticas, jur\u00eddicas, econ\u00f4micas, de comportamento e democr\u00e1ticas. O jornalista disse que propor uma alian\u00e7a entre China e Estados Unidos em torno de um prop\u00f3sito para a humanidade pode parecer ing\u00eanuo, mas deixou claro que essa \u00e9 a \u00fanica sa\u00edda para evitar que a humanidade passe a ser dominada pela Intelig\u00eancia Artificial.<\/span><\/p>\n<p class=\"p1\"><span class=\"s1\"><br \/>\nThomas Friedman \u00e9 autor do livro \u201cO Mundo \u00e9 Plano\u201d que trata do jogo do capitalismo em tempos de globaliza\u00e7\u00e3o, lan\u00e7ado em 2005. O jornalista ganhou o Pulitzer em tr\u00eas coberturas: cobertura do L\u00edbano (1983), cobertura de Israel (1988) e colunas sobre o impacto global do terrorismo (2002).<\/span><\/p>\n<p>&nbsp;<\/p>\n<p class=\"p1\"><span class=\"s1\">No final de sua apresenta\u00e7\u00e3o no XIV F\u00f3rum de Lisboa, Thomas Friedman foi aplaudido de p\u00e9.<\/span><\/p>\n","protected":false},"excerpt":{"rendered":"<p>ANA MARIA CAMPOS, enviada especial Lisboa &#8211; O jornalista Thomas Friedman, colunista de assuntos internacionais do New York Times, defendeu nesta manh\u00e3 (02\/06) que as duas maiores pot\u00eancias econ\u00f4micas mundiais, Estados Unidos e China, abram o di\u00e1logo e criem um protocolo para a Intelig\u00eancia Artificial (IA). &nbsp; Detentor de tr\u00eas Pr\u00eamios Pulitzer, a maior premia\u00e7\u00e3o mundial de jornalismo e literatura, [&hellip;]<\/p>\n","protected":false},"author":9,"featured_media":28925,"comment_status":"open","ping_status":"closed","sticky":false,"template":"","format":"standard","meta":{"footnotes":""},"categories":[234],"tags":[4436,1970,4435,4434],"class_list":["post-28926","post","type-post","status-publish","format-standard","has-post-thumbnail","hentry","category-cb-poder","tag-andre-esteves","tag-gilmar-mendes","tag-ia","tag-thomas-friedman"],"_links":{"self":[{"href":"https:\/\/blogs.correiobraziliense.com.br\/cbpoder\/wp-json\/wp\/v2\/posts\/28926","targetHints":{"allow":["GET"]}}],"collection":[{"href":"https:\/\/blogs.correiobraziliense.com.br\/cbpoder\/wp-json\/wp\/v2\/posts"}],"about":[{"href":"https:\/\/blogs.correiobraziliense.com.br\/cbpoder\/wp-json\/wp\/v2\/types\/post"}],"author":[{"embeddable":true,"href":"https:\/\/blogs.correiobraziliense.com.br\/cbpoder\/wp-json\/wp\/v2\/users\/9"}],"replies":[{"embeddable":true,"href":"https:\/\/blogs.correiobraziliense.com.br\/cbpoder\/wp-json\/wp\/v2\/comments?post=28926"}],"version-history":[{"count":4,"href":"https:\/\/blogs.correiobraziliense.com.br\/cbpoder\/wp-json\/wp\/v2\/posts\/28926\/revisions"}],"predecessor-version":[{"id":28930,"href":"https:\/\/blogs.correiobraziliense.com.br\/cbpoder\/wp-json\/wp\/v2\/posts\/28926\/revisions\/28930"}],"wp:attachment":[{"href":"https:\/\/blogs.correiobraziliense.com.br\/cbpoder\/wp-json\/wp\/v2\/media?parent=28926"}],"wp:term":[{"taxonomy":"category","embeddable":true,"href":"https:\/\/blogs.correiobraziliense.com.br\/cbpoder\/wp-json\/wp\/v2\/categories?post=28926"},{"taxonomy":"post_tag","embeddable":true,"href":"https:\/\/blogs.correiobraziliense.com.br\/cbpoder\/wp-json\/wp\/v2\/tags?post=28926"}],"curies":[{"name":"wp","href":"https:\/\/api.w.org\/{rel}","templated":true}]}}