{"id":28918,"date":"2026-06-01T14:35:16","date_gmt":"2026-06-01T17:35:16","guid":{"rendered":"https:\/\/blogs.correiobraziliense.com.br\/cbpoder\/?p=28918"},"modified":"2026-06-01T14:35:16","modified_gmt":"2026-06-01T17:35:16","slug":"em-lisboa-hugo-motta-garante-marco-legal-da-ia-vai-a-votacao-em-plenario-ainda-em-junho","status":"publish","type":"post","link":"https:\/\/blogs.correiobraziliense.com.br\/cbpoder\/em-lisboa-hugo-motta-garante-marco-legal-da-ia-vai-a-votacao-em-plenario-ainda-em-junho\/","title":{"rendered":"Em Lisboa, Hugo Motta garante: \u201cMarco legal da IA vai a vota\u00e7\u00e3o em plen\u00e1rio ainda em junho\u201d"},"content":{"rendered":"<h4>ANA MARIA CAMPOS, enviada especial<\/h4>\n<p class=\"p1\"><span class=\"s1\">Lisboa &#8211; O presidente da C\u00e2mara dos Deputados, Hugo Motta (Republicanos-PB), garantiu nesta manh\u00e3 (06\/01), ao participar da abertura do XIV F\u00f3rum de Lisboa, que vai levar a vota\u00e7\u00e3o em plen\u00e1rio ainda em junho o marco legal da Intelig\u00eancia Artificial, o projeto de Lei 2.338\/2023.<\/span><\/p>\n<p>&nbsp;<\/p>\n<p class=\"p1\"><span class=\"s1\">De autoria do senador Rodrigo Pacheco (PSB-MG), a proposta, aprovada pelo Senado em dezembro de 2024, busca garantir seguran\u00e7a jur\u00eddica e \u00e9tica no uso da tecnologia.<\/span><\/p>\n<p>&nbsp;<\/p>\n<blockquote>\n<p class=\"p1\"><span class=\"s1\">\u201cEstamos discutindo o marco legal para que a tecnologia revolucion\u00e1ria da intelig\u00eancia artificial prospere no Brasil como ferramenta para o progresso geral e com respeito \u00e0s liberdades de nossos cidad\u00e3os, em linha com os ensinamentos da recente enc\u00edclica Magn\u00edfica Hum\u00e1nitas, do Papa Le\u00e3o XIV. Devemos votar este projeto de IA no plen\u00e1rio da C\u00e2mara dos Deputados no m\u00eas de junho&#8221;, afirmou Motta.<\/span><\/p>\n<\/blockquote>\n<p class=\"p1\"><span class=\"s1\"><br \/>\nO texto, aprovado em vota\u00e7\u00e3o simb\u00f3lica no Senado, prev\u00ea que as grandes empresas de tecnologia dever\u00e3o informar quais conte\u00fados protegidos por direitos autorais foram utilizados.<br \/>\n<\/span><\/p>\n<p class=\"p1\"><span class=\"s1\"><br \/>\nAl\u00e9m disso, autores ter\u00e3o a prerrogativa de vetar o uso de suas obras por esses sistemas. Tamb\u00e9m estabelece a cria\u00e7\u00e3o de um \u00f3rg\u00e3o regulador da IA.<\/span><\/p>\n<p class=\"p1\"><span class=\"s1\"><br \/>\nO relator do projeto na C\u00e2mara, deputado Aguinaldo Ribeiro (PP-PB), tamb\u00e9m est\u00e1 em Lisboa acompanhando o F\u00f3rum. Ele participou do painel Soberania tecnol\u00f3gica e<span class=\"Apple-converted-space\">\u00a0 <\/span>fomento \u00e0<span class=\"Apple-converted-space\">\u00a0 <\/span>inova\u00e7\u00e3o: cadeia de valor da IA e poder global. <\/span><\/p>\n<p class=\"p1\"><span class=\"s1\"><br \/>\nHugo Motta j\u00e1 havia anunciado em Bras\u00edlia que o parecer do relator ser\u00e1 apresentado em 9 de junho na Comiss\u00e3o Especial que trata do assunto. Agora o presidente tamb\u00e9m se compromete a levar a vota\u00e7\u00e3o no plen\u00e1rio ainda neste m\u00eas.<\/span><\/p>\n<p class=\"p1\"><span class=\"s1\"><br \/>\nOs dois parlamentares participam do evento que, neste ano, est\u00e1 focado no tema &#8220;Nova ordem internacional, tecnologia e soberania: desafios democr\u00e1ticos, econ\u00f4micos e sociais&#8221;. <\/span><\/p>\n","protected":false},"excerpt":{"rendered":"<p>ANA MARIA CAMPOS, enviada especial Lisboa &#8211; O presidente da C\u00e2mara dos Deputados, Hugo Motta (Republicanos-PB), garantiu nesta manh\u00e3 (06\/01), ao participar da abertura do XIV F\u00f3rum de Lisboa, que vai levar a vota\u00e7\u00e3o em plen\u00e1rio ainda em junho o marco legal da Intelig\u00eancia Artificial, o projeto de Lei 2.338\/2023. &nbsp; De autoria do senador Rodrigo Pacheco (PSB-MG), a proposta, [&hellip;]<\/p>\n","protected":false},"author":9,"featured_media":28919,"comment_status":"open","ping_status":"closed","sticky":false,"template":"","format":"standard","meta":{"footnotes":""},"categories":[234],"tags":[416,3889,4431,4427],"class_list":["post-28918","post","type-post","status-publish","format-standard","has-post-thumbnail","hentry","category-cb-poder","tag-camara-dos-deputados","tag-hugo-motta","tag-marco-legal-da-ia","tag-xiv-forum-de-lisboa"],"_links":{"self":[{"href":"https:\/\/blogs.correiobraziliense.com.br\/cbpoder\/wp-json\/wp\/v2\/posts\/28918","targetHints":{"allow":["GET"]}}],"collection":[{"href":"https:\/\/blogs.correiobraziliense.com.br\/cbpoder\/wp-json\/wp\/v2\/posts"}],"about":[{"href":"https:\/\/blogs.correiobraziliense.com.br\/cbpoder\/wp-json\/wp\/v2\/types\/post"}],"author":[{"embeddable":true,"href":"https:\/\/blogs.correiobraziliense.com.br\/cbpoder\/wp-json\/wp\/v2\/users\/9"}],"replies":[{"embeddable":true,"href":"https:\/\/blogs.correiobraziliense.com.br\/cbpoder\/wp-json\/wp\/v2\/comments?post=28918"}],"version-history":[{"count":1,"href":"https:\/\/blogs.correiobraziliense.com.br\/cbpoder\/wp-json\/wp\/v2\/posts\/28918\/revisions"}],"predecessor-version":[{"id":28920,"href":"https:\/\/blogs.correiobraziliense.com.br\/cbpoder\/wp-json\/wp\/v2\/posts\/28918\/revisions\/28920"}],"wp:featuredmedia":[{"embeddable":true,"href":"https:\/\/blogs.correiobraziliense.com.br\/cbpoder\/wp-json\/wp\/v2\/media\/28919"}],"wp:attachment":[{"href":"https:\/\/blogs.correiobraziliense.com.br\/cbpoder\/wp-json\/wp\/v2\/media?parent=28918"}],"wp:term":[{"taxonomy":"category","embeddable":true,"href":"https:\/\/blogs.correiobraziliense.com.br\/cbpoder\/wp-json\/wp\/v2\/categories?post=28918"},{"taxonomy":"post_tag","embeddable":true,"href":"https:\/\/blogs.correiobraziliense.com.br\/cbpoder\/wp-json\/wp\/v2\/tags?post=28918"}],"curies":[{"name":"wp","href":"https:\/\/api.w.org\/{rel}","templated":true}]}}