{"id":28883,"date":"2026-05-28T18:02:05","date_gmt":"2026-05-28T21:02:05","guid":{"rendered":"https:\/\/blogs.correiobraziliense.com.br\/cbpoder\/?p=28883"},"modified":"2026-05-28T18:04:05","modified_gmt":"2026-05-28T21:04:05","slug":"gilmar-mendes-pede-vista-e-julgamento-de-mudancas-na-lei-da-ficha-limpa-deve-ficar-para-depois-do-registro-das-candidaturas","status":"publish","type":"post","link":"https:\/\/blogs.correiobraziliense.com.br\/cbpoder\/gilmar-mendes-pede-vista-e-julgamento-de-mudancas-na-lei-da-ficha-limpa-deve-ficar-para-depois-do-registro-das-candidaturas\/","title":{"rendered":"Gilmar Mendes pede vista e julgamento de mudan\u00e7as na Lei da Ficha Limpa deve ficar para depois do registro das candidaturas"},"content":{"rendered":"<h4>ANA MARIA CAMPOS<\/h4>\n<p>O julgamento sobre a constitucionalidade das novas regras de elegibilidade que alteraram a Lei da Ficha Limpa deve ocorrer apenas depois do per\u00edodo dos registros das candidaturas.<\/p>\n<p>&nbsp;<\/p>\n<p>O ministro Gilmar Mendes, decano do Supremo Tribunal Federal (STF), pediu vista nesta tarde (28) da a\u00e7\u00e3o direta de inconstitucionalidade proposta pela Rede Sustentabilidade que contesta a Lei Complementar 219\/2025.<\/p>\n<p>&nbsp;<\/p>\n<p>A lei estabelece novos prazos para cumprimento das penas de inelegibilidade \u2014 com prazo m\u00e1ximo de 12 anos a contar da primeira condena\u00e7\u00e3o em colegiado por crimes contra a administra\u00e7\u00e3o p\u00fablica e improbidades administrativas.<\/p>\n<p>&nbsp;<\/p>\n<p>A a\u00e7\u00e3o estava sendo julgada em plen\u00e1rio virtual desde a \u00faltima sexta-feira (22) e contava dois votos pela proced\u00eancia parcial: da relatora, ministra C\u00e1rmen L\u00facia, e do ministro Luiz Fux.<\/p>\n<p>&nbsp;<\/p>\n<p>Pelo Regimento do STF, o ministro Gilmar Mendes deve levar o processo a julgamento em at\u00e9 90 dias, ou seja em 28 de agosto. Mas pode ser que ele retome a discuss\u00e3o antes ou depois.<\/p>\n<p>&nbsp;<\/p>\n<p>Com a demora no julgamento, os registros de candidaturas devem seguir os crit\u00e9rios definidos pela nova lei, segundo entendimento de advogados.<\/p>\n","protected":false},"excerpt":{"rendered":"<p>ANA MARIA CAMPOS O julgamento sobre a constitucionalidade das novas regras de elegibilidade que alteraram a Lei da Ficha Limpa deve ocorrer apenas depois do per\u00edodo dos registros das candidaturas. &nbsp; O ministro Gilmar Mendes, decano do Supremo Tribunal Federal (STF), pediu vista nesta tarde (28) da a\u00e7\u00e3o direta de inconstitucionalidade proposta pela Rede Sustentabilidade que contesta a Lei Complementar [&hellip;]<\/p>\n","protected":false},"author":9,"featured_media":21293,"comment_status":"open","ping_status":"closed","sticky":false,"template":"","format":"standard","meta":{"footnotes":""},"categories":[234],"tags":[1209,1970,589,4423,3968],"class_list":["post-28883","post","type-post","status-publish","format-standard","has-post-thumbnail","hentry","category-cb-poder","tag-candidaturas","tag-gilmar-mendes","tag-inelegibilidade","tag-lei-complementar","tag-lei-da-ficha-limpa"],"_links":{"self":[{"href":"https:\/\/blogs.correiobraziliense.com.br\/cbpoder\/wp-json\/wp\/v2\/posts\/28883","targetHints":{"allow":["GET"]}}],"collection":[{"href":"https:\/\/blogs.correiobraziliense.com.br\/cbpoder\/wp-json\/wp\/v2\/posts"}],"about":[{"href":"https:\/\/blogs.correiobraziliense.com.br\/cbpoder\/wp-json\/wp\/v2\/types\/post"}],"author":[{"embeddable":true,"href":"https:\/\/blogs.correiobraziliense.com.br\/cbpoder\/wp-json\/wp\/v2\/users\/9"}],"replies":[{"embeddable":true,"href":"https:\/\/blogs.correiobraziliense.com.br\/cbpoder\/wp-json\/wp\/v2\/comments?post=28883"}],"version-history":[{"count":3,"href":"https:\/\/blogs.correiobraziliense.com.br\/cbpoder\/wp-json\/wp\/v2\/posts\/28883\/revisions"}],"predecessor-version":[{"id":28886,"href":"https:\/\/blogs.correiobraziliense.com.br\/cbpoder\/wp-json\/wp\/v2\/posts\/28883\/revisions\/28886"}],"wp:featuredmedia":[{"embeddable":true,"href":"https:\/\/blogs.correiobraziliense.com.br\/cbpoder\/wp-json\/wp\/v2\/media\/21293"}],"wp:attachment":[{"href":"https:\/\/blogs.correiobraziliense.com.br\/cbpoder\/wp-json\/wp\/v2\/media?parent=28883"}],"wp:term":[{"taxonomy":"category","embeddable":true,"href":"https:\/\/blogs.correiobraziliense.com.br\/cbpoder\/wp-json\/wp\/v2\/categories?post=28883"},{"taxonomy":"post_tag","embeddable":true,"href":"https:\/\/blogs.correiobraziliense.com.br\/cbpoder\/wp-json\/wp\/v2\/tags?post=28883"}],"curies":[{"name":"wp","href":"https:\/\/api.w.org\/{rel}","templated":true}]}}